
{"id":16052,"date":"2016-02-11T07:00:37","date_gmt":"2016-02-11T06:00:37","guid":{"rendered":"http:\/\/adamczewski.blog.polityka.pl\/?p=16052"},"modified":"2016-02-16T11:28:51","modified_gmt":"2016-02-16T10:28:51","slug":"kocham-rysie-pirenejskie","status":"publish","type":"post","link":"https:\/\/blog.polityka.pl\/adamczewski\/2016\/02\/11\/kocham-rysie-pirenejskie\/","title":{"rendered":"Kocham rysie pirenejskie"},"content":{"rendered":"<p>Zajrza\u0142em znowu na wie\u015b i zobaczy\u0142em pi\u0119kne \u015blady. A to lis przedefilowa\u0142, ci\u0105gn\u0105c za sob\u0105 kit\u0119, a to sarenki przedefilowa\u0142y w stadku, dzik i \u0142o\u015b zostawi\u0142y pot\u0119\u017cne \u015blady kopyt. Zza komina filuternie wygl\u0105da\u0142a bia\u0142a g\u0142\u00f3wka \u0142asiczki, kt\u00f3ra na zim\u0119 zmienia futerko z rudego na bia\u0142e. S\u0142owem &#8211; sielsko.<br \/>\n<!--more--><br \/>\nPrzesuwaj\u0105c si\u0119 na zach\u00f3d, trafiam na moje ukochane zwierz\u0119 \u2013 rysia pirenejskiego. Jest tych przepi\u0119knych drapie\u017cnik\u00f3w poni\u017cej dwustu. I s\u0105 niezwyk\u0142ej urody. Du\u017ce, drapie\u017cne i bardzo \u0142akome.<\/p>\n<p>Maj\u0105 te\u017c wielk\u0105 wad\u0119: buszuj\u0105 w lasach d\u0119b\u00f3w korkowych, a \u017ce maj\u0105 szablaste i ostre pazury &#8211; zrywaj\u0105 z nich kor\u0119. Zanim za\u015b nowa warstwa kory uro\u015bnie, musi up\u0142yn\u0105\u0107 a\u017c dziesi\u0119\u0107 lat. Moim zdaniem za\u015b nie ma lepszej zatyczki do wina jak korek.<\/p>\n<p>I co z tym fantem zrobi\u0107? Polowa\u0107 na rysie czy raczej chroni\u0107 kor\u0119 d\u0119bow\u0105? A po\u0142\u0105czy\u0107 obu sprawa raczej si\u0119 nie uda.<\/p>\n<p>Lasy d\u0119bu korkowego rosn\u0105 g\u0142\u00f3wnie w Portugalii i po trosze w Maroko. Tam w\u0142a\u015bnie poluje si\u0119 na te drapie\u017cne koty. Ich futro na \u015bcianie lub na pod\u0142odze wygl\u0105da imponuj\u0105co, ale i \u017ca\u0142o\u015bnie jednocze\u015bnie.<\/p>\n<p>Jestem wi\u0119c za ochron\u0105 rysi\u00f3w i grodzeniem d\u0119b\u00f3w korkowych. Oba gatunki bowiem s\u0105 wprost bezcenne i wkr\u00f3tce mog\u0105 ca\u0142kowicie wygin\u0105\u0107. A by\u0142aby to niepowetowana strata.<\/p>\n","protected":false},"excerpt":{"rendered":"<p>Zajrza\u0142em znowu na wie\u015b i zobaczy\u0142em pi\u0119kne \u015blady. A to lis przedefilowa\u0142, ci\u0105gn\u0105c za sob\u0105 kit\u0119, a to sarenki przedefilowa\u0142y w stadku, dzik i \u0142o\u015b zostawi\u0142y pot\u0119\u017cne \u015blady kopyt. Zza komina filuternie wygl\u0105da\u0142a bia\u0142a g\u0142\u00f3wka \u0142asiczki, kt\u00f3ra na zim\u0119 zmienia futerko z rudego na bia\u0142e. S\u0142owem &#8211; sielsko.<\/p>\n","protected":false},"author":2,"featured_media":0,"comment_status":"open","ping_status":"closed","sticky":false,"template":"","format":"standard","meta":{"footnotes":""},"categories":[1],"tags":[],"_links":{"self":[{"href":"https:\/\/blog.polityka.pl\/adamczewski\/wp-json\/wp\/v2\/posts\/16052"}],"collection":[{"href":"https:\/\/blog.polityka.pl\/adamczewski\/wp-json\/wp\/v2\/posts"}],"about":[{"href":"https:\/\/blog.polityka.pl\/adamczewski\/wp-json\/wp\/v2\/types\/post"}],"author":[{"embeddable":true,"href":"https:\/\/blog.polityka.pl\/adamczewski\/wp-json\/wp\/v2\/users\/2"}],"replies":[{"embeddable":true,"href":"https:\/\/blog.polityka.pl\/adamczewski\/wp-json\/wp\/v2\/comments?post=16052"}],"version-history":[{"count":2,"href":"https:\/\/blog.polityka.pl\/adamczewski\/wp-json\/wp\/v2\/posts\/16052\/revisions"}],"predecessor-version":[{"id":16072,"href":"https:\/\/blog.polityka.pl\/adamczewski\/wp-json\/wp\/v2\/posts\/16052\/revisions\/16072"}],"wp:attachment":[{"href":"https:\/\/blog.polityka.pl\/adamczewski\/wp-json\/wp\/v2\/media?parent=16052"}],"wp:term":[{"taxonomy":"category","embeddable":true,"href":"https:\/\/blog.polityka.pl\/adamczewski\/wp-json\/wp\/v2\/categories?post=16052"},{"taxonomy":"post_tag","embeddable":true,"href":"https:\/\/blog.polityka.pl\/adamczewski\/wp-json\/wp\/v2\/tags?post=16052"}],"curies":[{"name":"wp","href":"https:\/\/api.w.org\/{rel}","templated":true}]}}