
{"id":16080,"date":"2016-02-19T07:00:14","date_gmt":"2016-02-19T06:00:14","guid":{"rendered":"http:\/\/adamczewski.blog.polityka.pl\/?p=16080"},"modified":"2016-02-19T11:10:22","modified_gmt":"2016-02-19T10:10:22","slug":"gdzie-sie-podzialy-dobre-maniery","status":"publish","type":"post","link":"https:\/\/blog.polityka.pl\/adamczewski\/2016\/02\/19\/gdzie-sie-podzialy-dobre-maniery\/","title":{"rendered":"Gdzie si\u0119 podzia\u0142y dobre maniery"},"content":{"rendered":"<p>Par\u0119 tygodni, a mo\u017ce i miesi\u0119cy rozwa\u017cali\u015bmy tu o schamieniu. Asumpt do tego tematu da\u0142o mi obejrzenie kilku kawa\u0142k\u00f3w serialu \u201eRodzinka.pl\u201d. Tam wrzask zamiast rozmowy, kompletna nieznajomo\u015b\u0107 manier obowi\u0105zuj\u0105cych jeszcze do niedawna przy stole &#8211; rozjuszy\u0142y mnie wr\u0119cz zmusi\u0142 do napisania o skutkach emisji takich (podobno niezwykle popularnych) \u201edzie\u0142\u201d.<br \/>\n<!--more--><br \/>\nOstatnio mign\u0105\u0142 mi znowu ten serial, kt\u00f3ry poszed\u0142 jeszcze dalej. Opr\u00f3cz wrzask\u00f3w dosz\u0142y \u201e\u017carty\u201d sytuacyjne, w kt\u00f3rych g\u0142\u00f3wn\u0105 rol\u0119 odgrywa g\u0142o\u015bne puszczanie gaz\u00f3w. \u015amiechom z tzw. offu nie ma w\u00f3wczas ko\u0144ca.<\/p>\n<p>Zacz\u0105\u0142em wi\u0119c przygl\u0105da\u0107 si\u0119 i innym serialom. Okaza\u0142o si\u0119, \u017ce chamstwo rozpanoszy\u0142o si\u0119 w TV na dobre. Wulgarne s\u0142ownictwo kr\u00f3luje w dialogach, a s\u0142owa \u201ezajebiste\u201d czy \u201eku\u017awa\u201d (coraz cz\u0119\u015bciej w swojej pe\u0142nej formie z d\u017awi\u0119cznym \u201er&#8221;) u\u017cywane s\u0105 powszechnie. To s\u0105 zreszt\u0105 wr\u0119cz eufemizmy. W wi\u0119kszo\u015bci audycji bowiem nikt nie hamuje si\u0119 i s\u0142\u00f3w do niedawna uwa\u017canych za nadzwyczaj ordynarne u\u017cywa przy otwartym mikrofonie.<\/p>\n<p>Coraz cz\u0119\u015bciej dotyczy to tak\u017ce rozm\u00f3w z politykami, kt\u00f3rzy ch\u0119tnie przemawiaj\u0105 do swoich wyborc\u00f3w takim samym j\u0119zykiem.<\/p>\n<p>Okaza\u0142o si\u0119, \u017ce jedyn\u0105 metod\u0105 unikni\u0119cia obcowania z chamstwem jest wy\u0142\u0105czanie telewizora. Pocieszam si\u0119 jednak, \u017ce istnieje radio. Obawiam si\u0119 jednak, \u017ce i tu nowe pr\u0105dy j\u0119zykowe wkr\u00f3tce dotr\u0105. A nawet ju\u017c docieraj\u0105. Gazety te\u017c przejmuj\u0105 bowiem ten styl. Zostan\u0105 wi\u0119c (na szcz\u0119\u015bcie) tylko ksi\u0105\u017cki.<\/p>\n","protected":false},"excerpt":{"rendered":"<p>Par\u0119 tygodni, a mo\u017ce i miesi\u0119cy rozwa\u017cali\u015bmy tu o schamieniu. Asumpt do tego tematu da\u0142o mi obejrzenie kilku kawa\u0142k\u00f3w serialu \u201eRodzinka.pl\u201d. Tam wrzask zamiast rozmowy, kompletna nieznajomo\u015b\u0107 manier obowi\u0105zuj\u0105cych jeszcze do niedawna przy stole &#8211; rozjuszy\u0142y mnie wr\u0119cz zmusi\u0142 do napisania o skutkach emisji takich (podobno niezwykle popularnych) \u201edzie\u0142\u201d.<\/p>\n","protected":false},"author":2,"featured_media":0,"comment_status":"open","ping_status":"closed","sticky":false,"template":"","format":"standard","meta":{"footnotes":""},"categories":[1],"tags":[],"_links":{"self":[{"href":"https:\/\/blog.polityka.pl\/adamczewski\/wp-json\/wp\/v2\/posts\/16080"}],"collection":[{"href":"https:\/\/blog.polityka.pl\/adamczewski\/wp-json\/wp\/v2\/posts"}],"about":[{"href":"https:\/\/blog.polityka.pl\/adamczewski\/wp-json\/wp\/v2\/types\/post"}],"author":[{"embeddable":true,"href":"https:\/\/blog.polityka.pl\/adamczewski\/wp-json\/wp\/v2\/users\/2"}],"replies":[{"embeddable":true,"href":"https:\/\/blog.polityka.pl\/adamczewski\/wp-json\/wp\/v2\/comments?post=16080"}],"version-history":[{"count":5,"href":"https:\/\/blog.polityka.pl\/adamczewski\/wp-json\/wp\/v2\/posts\/16080\/revisions"}],"predecessor-version":[{"id":16086,"href":"https:\/\/blog.polityka.pl\/adamczewski\/wp-json\/wp\/v2\/posts\/16080\/revisions\/16086"}],"wp:attachment":[{"href":"https:\/\/blog.polityka.pl\/adamczewski\/wp-json\/wp\/v2\/media?parent=16080"}],"wp:term":[{"taxonomy":"category","embeddable":true,"href":"https:\/\/blog.polityka.pl\/adamczewski\/wp-json\/wp\/v2\/categories?post=16080"},{"taxonomy":"post_tag","embeddable":true,"href":"https:\/\/blog.polityka.pl\/adamczewski\/wp-json\/wp\/v2\/tags?post=16080"}],"curies":[{"name":"wp","href":"https:\/\/api.w.org\/{rel}","templated":true}]}}