
{"id":16214,"date":"2016-08-08T15:32:11","date_gmt":"2016-08-08T13:32:11","guid":{"rendered":"http:\/\/adamczewski.blog.polityka.pl\/?p=16214"},"modified":"2018-02-19T00:31:08","modified_gmt":"2018-02-18T23:31:08","slug":"za-tych-co-na-chmurce","status":"publish","type":"post","link":"https:\/\/blog.polityka.pl\/adamczewski\/2016\/08\/08\/za-tych-co-na-chmurce\/","title":{"rendered":"Za tych, co na chmurce"},"content":{"rendered":"<p>Taki toast urodzi\u0142 si\u0119 na jubileuszowym zje\u017adzie blogowicz\u00f3w na pozna\u0144skiej \u015ar\u00f3dce. Jubileuszowym podw\u00f3jnie, bo dziesi\u0119\u0107 lat blogu (minie 14 sierpnia) i dziesi\u0105ty zjazd (pierwszy odby\u0142 si\u0119 w K\u00f3rniku we wrze\u015bniu 2007).<br \/>\n<!--more--><br \/>\nNie doczeka\u0142 tej rocznicy Gospodarz blogu, kt\u00f3ry odszed\u0142 pi\u0119\u0107 miesi\u0119cy temu. Nie doczeka\u0142a te\u017c Pyra \u2013 blogowa \u201emamusia\u201d, kt\u00f3ra zawsze zgarnia\u0142a i liczy\u0142a stado, \u0142agodzi\u0142a k\u0142\u00f3tnie, s\u0142u\u017cy\u0142a wsparciem. To ze wzgl\u0119du na ni\u0105 zjazd zosta\u0142 zaplanowany w Poznaniu, cieszy\u0142a si\u0119 na\u0144 bardzo, jeszcze troch\u0119 dogl\u0105da\u0142a przygotowa\u0144, dopytywa\u0142a si\u0119 np. o zjazdowe znaczki. Zmar\u0142a nied\u0142ugo po Piotrze.<\/p>\n<p>W ci\u0105gu ostatniego roku odesz\u0142o jeszcze dwoje wa\u017cnych blogowicz\u00f3w: Nisia, czyli Monika Szwaja, nie tylko autorka poczytnych ksi\u0105\u017cek, ale te\u017c dzielna i waleczna mi\u0142o\u015bniczka szant, morza w og\u00f3le, ro\u015blin, muzyki powa\u017cnej i dobrego jedzenia, oraz kanadyjski Placek \u2013 wielki erudyta, kt\u00f3rego wypowiedzi bywa\u0142y same w sobie literatur\u0105, czasem nawet do\u015b\u0107 hermetyczn\u0105. Wci\u0105\u017c te\u017c blogowa spo\u0142eczno\u015b\u0107 pami\u0119ta zmar\u0142ego par\u0119 lat temu Pana Lulka, czyli Jerzego Bogdanowicza, cz\u0142owieka niezwykle barwnego o nietuzinkowym \u017cyciorysie, kt\u00f3ry mieszka\u0142 w austriackiej Burgenlandii i obdarowywa\u0142 nas s\u0142ynn\u0105 gruszk\u00f3wk\u0105.<\/p>\n<p>Za te pi\u0119\u0107 os\u00f3b, kt\u00f3re by\u0142y sol\u0105 tego blogu, odby\u0142 si\u0119 na zje\u017adzie szczeg\u00f3lny rytua\u0142, kt\u00f3rego pomys\u0142odawc\u0105 by\u0142 paryski S\u0142awek. Na stole stan\u0119\u0142o pi\u0119\u0107 kieliszk\u00f3w, szampan i truskawki. \u015awieczki zosta\u0142y zapalone, szampan nalany do kieliszk\u00f3w \u2013 a tak\u017ce wszystkim zjazdowiczom. S\u0142awek z pe\u0142nym swoim kieliszkiem podszed\u0142 do tych pi\u0119ciu i stukn\u0105\u0142 si\u0119 z nimi po kolei, m\u00f3wi\u0105c: \u201ePyra\u201d, \u201eNisia\u201d, \u201ePiotr\u201d, &#8222;Pan Lulek\u201d, \u201ePlacek\u201d. I to wszystko. \u015awieczki pali\u0142y si\u0119 przez ca\u0142y wiecz\u00f3r. A my napili\u015bmy si\u0119 \u201eza tych, co na chmurce\u201d.<\/p>\n<p>Nie by\u0142o to jednak spotkanie \u017ca\u0142obne. By\u0142o poza tym pogodnie, weso\u0142o, towarzysko \u2013 i smacznie. Blogowa spo\u0142eczno\u015b\u0107 ju\u017c przez te lata dobrze si\u0119 pozna\u0142a i polubi\u0142a, i wirtualnie, i w realu, tak\u017ce dzi\u0119ki wszystkim poprzednim zjazdom. Trzeba wi\u0119c by\u0142o si\u0119 nasiedzie\u0107 i nagada\u0107, co by\u0142o nawet wa\u017cniejsze od wszystkich pyszno\u015bci przywiezionych przez uczestnik\u00f3w. Pod poprzednim wpisem cz\u0119\u015b\u0107 tych pyszno\u015bci zosta\u0142a wymieniona (najwi\u0119ksza obfito\u015b\u0107 przejawia\u0142a si\u0119 w dziedzinie alkoholi, przede wszystkim w\u0142asnor\u0119cznie robionych nalewek, ale te\u017c markowych trunk\u00f3w). Atmosfer\u0119 mo\u017cna te\u017c oceni\u0107 po wrzuconych tam\u017ce zdj\u0119ciach (tak\u017ce moich). Zjechali si\u0119 blogowicze z Poznania, Warszawy, Gniezna, Gdyni, Ostro\u0142\u0119ki, \u015awinouj\u015bcia, \u017babich B\u0142ot, spod Hajn\u00f3wki, a tak\u017ce z Pary\u017ca, Wiednia, Hanoweru i kanadyjskiego Kingston.<\/p>\n<p>Niestety zabrak\u0142o Barbary Adamczewskiej, kt\u00f3ra mia\u0142a te\u017c przyjecha\u0107, ale si\u0119 rozchorowa\u0142a. Jednak nie zabrak\u0142o rozmowy o przysz\u0142o\u015bci blogu, w tym relacji jednego z blogowych koleg\u00f3w z rozmowy z ni\u0105 na ten temat. S\u0105 pewne pomys\u0142y, burza m\u00f3zg\u00f3w trwa. Redakcja POLITYKI ze swej strony zapewnia, \u017ce jest otwarta. Najwa\u017cniejsze, \u017ce ka\u017cdej ze stron zale\u017cy na tym, \u017ceby blogowa spo\u0142eczno\u015b\u0107 przetrwa\u0142a, \u017ceby warto\u015b\u0107, jaka si\u0119 tu wytworzy\u0142a dzi\u0119ki Piotrowi Adamczewskiemu, \u017cy\u0142a nadal. I tak, miejmy nadziej\u0119, b\u0119dzie.<\/p>\n<p><strong>(Dorota z s\u0105siedztwa)<\/strong><\/p>\n","protected":false},"excerpt":{"rendered":"<p>Taki toast urodzi\u0142 si\u0119 na jubileuszowym zje\u017adzie blogowicz\u00f3w na pozna\u0144skiej \u015ar\u00f3dce. Jubileuszowym podw\u00f3jnie, bo dziesi\u0119\u0107 lat blogu (minie 14 sierpnia) i dziesi\u0105ty zjazd (pierwszy odby\u0142 si\u0119 w K\u00f3rniku we wrze\u015bniu 2007).<\/p>\n","protected":false},"author":2,"featured_media":0,"comment_status":"open","ping_status":"closed","sticky":false,"template":"","format":"standard","meta":{"footnotes":""},"categories":[1],"tags":[],"_links":{"self":[{"href":"https:\/\/blog.polityka.pl\/adamczewski\/wp-json\/wp\/v2\/posts\/16214"}],"collection":[{"href":"https:\/\/blog.polityka.pl\/adamczewski\/wp-json\/wp\/v2\/posts"}],"about":[{"href":"https:\/\/blog.polityka.pl\/adamczewski\/wp-json\/wp\/v2\/types\/post"}],"author":[{"embeddable":true,"href":"https:\/\/blog.polityka.pl\/adamczewski\/wp-json\/wp\/v2\/users\/2"}],"replies":[{"embeddable":true,"href":"https:\/\/blog.polityka.pl\/adamczewski\/wp-json\/wp\/v2\/comments?post=16214"}],"version-history":[{"count":2,"href":"https:\/\/blog.polityka.pl\/adamczewski\/wp-json\/wp\/v2\/posts\/16214\/revisions"}],"predecessor-version":[{"id":16854,"href":"https:\/\/blog.polityka.pl\/adamczewski\/wp-json\/wp\/v2\/posts\/16214\/revisions\/16854"}],"wp:attachment":[{"href":"https:\/\/blog.polityka.pl\/adamczewski\/wp-json\/wp\/v2\/media?parent=16214"}],"wp:term":[{"taxonomy":"category","embeddable":true,"href":"https:\/\/blog.polityka.pl\/adamczewski\/wp-json\/wp\/v2\/categories?post=16214"},{"taxonomy":"post_tag","embeddable":true,"href":"https:\/\/blog.polityka.pl\/adamczewski\/wp-json\/wp\/v2\/tags?post=16214"}],"curies":[{"name":"wp","href":"https:\/\/api.w.org\/{rel}","templated":true}]}}