
{"id":16233,"date":"2016-11-01T08:00:30","date_gmt":"2016-11-01T07:00:30","guid":{"rendered":"http:\/\/adamczewski.blog.polityka.pl\/?p=16233"},"modified":"2016-10-31T13:20:22","modified_gmt":"2016-10-31T12:20:22","slug":"dlaczego","status":"publish","type":"post","link":"https:\/\/blog.polityka.pl\/adamczewski\/2016\/11\/01\/dlaczego\/","title":{"rendered":"Dlaczego"},"content":{"rendered":"<p>Piotr stworzy\u0142 ten blog i to by\u0142a jego pasja. Lubi\u0142 gotowa\u0107, m\u00f3wi\u0107 o tradycjach kulinarnych i lubi\u0142 ludzi. Wszystkie te jego cechy spowodowa\u0142y, \u017ce wok\u00f3\u0142 blogu zebra\u0142o si\u0119 wiele os\u00f3b, kt\u00f3re ceni\u0105 sobie tematyk\u0119, kt\u00f3ra by\u0142a mu bliska. Powsta\u0142a doskonale rozumiej\u0105ca si\u0119, \u017cyczliwa wobec siebie i innych spo\u0142eczno\u015b\u0107. Wierzymy, \u017ce t\u0119 grup\u0119 jednoczy dobry duch Piotra.<\/p>\n<p>Postanowi\u0142y\u015bmy przy\u0142\u0105czy\u0107 si\u0119 do grona pisz\u0105cych na tych stronach. B\u0119dziemy si\u0119 stara\u0107 przekazywa\u0107 w\u0142asne odkrycia i przemy\u015blenia, a tak\u017ce pisa\u0107 o tym wszystkim, co przegadali\u015bmy w domu, co by\u0142o Piotra wiedz\u0105, pogl\u0105dami, opiniami, a czym dzieli\u0142 si\u0119 z nami, co wydaje nam si\u0119 s\u0142uszne i warto\u015bciowe.<\/p>\n<p>Nie b\u0119dziemy pr\u00f3bowa\u0107 go zast\u0105pi\u0107, bo wiemy, \u017ce to niemo\u017cliwe, tak jak nie da si\u0119 go zast\u0105pi\u0107 w naszej rodzinie. Chcemy tylko, \u017ceby jego praca nie przepad\u0142a, a energia grupy ludzi, kt\u00f3rzy czuli si\u0119 jego przyjaci\u00f3\u0142mi, si\u0119 nie zmarnowa\u0142a.<\/p>\n<p>Tradycje zwi\u0105zane z gotowaniem i sto\u0142em zawsze by\u0142y silne w naszej rodzinie. Kuchnia i st\u00f3\u0142 s\u0105 dla nas wszystkich bardzo wa\u017cne. Nie ukrywamy, \u017ce lubimy jada\u0107 smaczne rzeczy, \u017ce wa\u017cne dla nas jest, jak s\u0105 podane, oraz w czyim towarzystwie siadamy do sto\u0142u.<\/p>\n<p>Gotowanie to forma dbania o innych. Przyrz\u0105dzanie potraw to wed\u0142ug nas r\u00f3wnie\u017c rodzaj dzia\u0142alno\u015bci prawie artystycznej. St\u00f3\u0142 sprzyja te\u017c rozmowom, wzajemnemu zrozumieniu si\u0119. S\u0142owem: b\u0119dziemy pisa\u0107 i dyskutowa\u0107 z Wami o kuchni, stole i kulturze. Bo te dziedziny s\u0105 ze sob\u0105 nierozerwalnie zwi\u0105zane.<\/p>\n","protected":false},"excerpt":{"rendered":"<p>Piotr stworzy\u0142 ten blog i to by\u0142a jego pasja. Lubi\u0142 gotowa\u0107, m\u00f3wi\u0107 o tradycjach kulinarnych i lubi\u0142 ludzi. Wszystkie te jego cechy spowodowa\u0142y, \u017ce wok\u00f3\u0142 blogu zebra\u0142o si\u0119 wiele os\u00f3b, kt\u00f3re ceni\u0105 sobie tematyk\u0119, kt\u00f3ra by\u0142a mu bliska. Powsta\u0142a doskonale rozumiej\u0105ca si\u0119, \u017cyczliwa wobec siebie i innych spo\u0142eczno\u015b\u0107. Wierzymy, \u017ce t\u0119 grup\u0119 jednoczy dobry duch [&hellip;]<\/p>\n","protected":false},"author":39,"featured_media":0,"comment_status":"open","ping_status":"closed","sticky":false,"template":"","format":"standard","meta":{"footnotes":""},"categories":[1],"tags":[],"_links":{"self":[{"href":"https:\/\/blog.polityka.pl\/adamczewski\/wp-json\/wp\/v2\/posts\/16233"}],"collection":[{"href":"https:\/\/blog.polityka.pl\/adamczewski\/wp-json\/wp\/v2\/posts"}],"about":[{"href":"https:\/\/blog.polityka.pl\/adamczewski\/wp-json\/wp\/v2\/types\/post"}],"author":[{"embeddable":true,"href":"https:\/\/blog.polityka.pl\/adamczewski\/wp-json\/wp\/v2\/users\/39"}],"replies":[{"embeddable":true,"href":"https:\/\/blog.polityka.pl\/adamczewski\/wp-json\/wp\/v2\/comments?post=16233"}],"version-history":[{"count":2,"href":"https:\/\/blog.polityka.pl\/adamczewski\/wp-json\/wp\/v2\/posts\/16233\/revisions"}],"predecessor-version":[{"id":16236,"href":"https:\/\/blog.polityka.pl\/adamczewski\/wp-json\/wp\/v2\/posts\/16233\/revisions\/16236"}],"wp:attachment":[{"href":"https:\/\/blog.polityka.pl\/adamczewski\/wp-json\/wp\/v2\/media?parent=16233"}],"wp:term":[{"taxonomy":"category","embeddable":true,"href":"https:\/\/blog.polityka.pl\/adamczewski\/wp-json\/wp\/v2\/categories?post=16233"},{"taxonomy":"post_tag","embeddable":true,"href":"https:\/\/blog.polityka.pl\/adamczewski\/wp-json\/wp\/v2\/tags?post=16233"}],"curies":[{"name":"wp","href":"https:\/\/api.w.org\/{rel}","templated":true}]}}