
{"id":1624,"date":"2010-03-31T07:30:29","date_gmt":"2010-03-31T05:30:29","guid":{"rendered":"http:\/\/adamczewski.blog.polityka.pl\/?p=1624"},"modified":"2010-03-31T08:27:58","modified_gmt":"2010-03-31T06:27:58","slug":"zgadnij-co-gotujemy-30-b","status":"publish","type":"post","link":"https:\/\/blog.polityka.pl\/adamczewski\/2010\/03\/31\/zgadnij-co-gotujemy-30-b\/","title":{"rendered":"Zgadnij co gotujemy? (30 B)"},"content":{"rendered":"<p><a href=\"\/wp-content\/uploads\/2010\/03\/p3230055.jpg\"><img loading=\"lazy\" decoding=\"async\" class=\"aligncenter size-full wp-image-1625\" title=\"p3230055\" src=\"\/wp-content\/uploads\/2010\/03\/p3230055.jpg\" alt=\"\" width=\"347\" height=\"480\" \/><\/a><br \/>\nHistoria rodziny Reiff\u00f3w jest bardzo interesuj\u0105ca. Niemcy, kt\u00f3rzy osiedlili si\u0119 w Polsce niemal przed trzema wiekami b\u0142yskawicznie spolonizowali si\u0119 i walczyli o wolno\u015b\u0107 swojej nowej ojczyzny we wszystkich powstaniach na Warszawskim ko\u0144cz\u0105c. Najm\u0142odsze pokolenia, nam wsp\u00f3\u0142czesne, walczy\u0142y o zmian\u0119 ustroju w Polsce i zamian\u0119 skr\u00f3tu PRL na RP z odpowiedni\u0105 liczb\u0105 przy literkach. Bardzo rozga\u0142\u0119zione drzewo genealogiczne opisa\u0142a autorka ( a jak\u017ce z rodu Reiff\u00f3w) na podstawie licznych rozm\u00f3w i lektury list\u00f3w a tak\u017ce dokument\u00f3w. I cho\u0107 zaznacza na ko\u0144cu ksi\u0105\u017cki, \u017ce nie jest to portret rodzinny w pe\u0142ni prawdziwy, bo ze wzgl\u0119du na \u017cyj\u0105cych oszcz\u0119dzi\u0142a im przykro\u015bci czyli opisywania moment\u00f3w przykrych oraz problem\u00f3w trudnych, lektura to interesuj\u0105ca. Warto o prawo w\u0142asno\u015bci do tej sagi po\u015bciga\u0107 si\u0119 i odpowiedzie\u0107 na trzy pytania.<\/p>\n<p>1\u00a0&#8211;\u00a0 Co zawdzi\u0119czamy Niemcu z francuskimi korzeniami,\u00a0 nosz\u0105cemu nazwisko Franz Karl Achard?<\/p>\n<p>2\u00a0&#8211; R\u00f3wnie\u017c z Francji pochodzi\u0142 Ludwik Nast, warszawiacy uwielbiali jego wyroby; a co on produkowa\u0142?<\/p>\n<p>3\u00a0&#8211; A czym zachwyca\u0142 warszawiak\u00f3w Christian Thour urodzony w Szwajcarii?<\/p>\n<p>I ju\u017c wszystko jasne? Czekam wi\u0119c na odpowiedzi pod adresem <a href=\"mailto:internet@polityka.com.pl\">internet@polityka.com.pl<\/a><br \/>\nA nagrod\u0105 b\u0119dzie ksi\u0105\u017cka Marii Diat\u0142owickiej\u00a0 &#8222;Mozaika rodzinna&#8221;.<\/p>\n<p>\u00a0<\/p>\n","protected":false},"excerpt":{"rendered":"<p>Historia rodziny Reiff\u00f3w jest bardzo interesuj\u0105ca. Niemcy, kt\u00f3rzy osiedlili si\u0119 w Polsce niemal przed trzema wiekami b\u0142yskawicznie spolonizowali si\u0119 i walczyli o wolno\u015b\u0107 swojej nowej ojczyzny we wszystkich powstaniach na Warszawskim ko\u0144cz\u0105c. Najm\u0142odsze pokolenia, nam wsp\u00f3\u0142czesne, walczy\u0142y o zmian\u0119 ustroju w Polsce i zamian\u0119 skr\u00f3tu PRL na RP z odpowiedni\u0105 liczb\u0105 przy literkach. Bardzo rozga\u0142\u0119zione [&hellip;]<\/p>\n","protected":false},"author":2,"featured_media":0,"comment_status":"open","ping_status":"open","sticky":false,"template":"","format":"standard","meta":{"footnotes":""},"categories":[1],"tags":[],"_links":{"self":[{"href":"https:\/\/blog.polityka.pl\/adamczewski\/wp-json\/wp\/v2\/posts\/1624"}],"collection":[{"href":"https:\/\/blog.polityka.pl\/adamczewski\/wp-json\/wp\/v2\/posts"}],"about":[{"href":"https:\/\/blog.polityka.pl\/adamczewski\/wp-json\/wp\/v2\/types\/post"}],"author":[{"embeddable":true,"href":"https:\/\/blog.polityka.pl\/adamczewski\/wp-json\/wp\/v2\/users\/2"}],"replies":[{"embeddable":true,"href":"https:\/\/blog.polityka.pl\/adamczewski\/wp-json\/wp\/v2\/comments?post=1624"}],"version-history":[{"count":0,"href":"https:\/\/blog.polityka.pl\/adamczewski\/wp-json\/wp\/v2\/posts\/1624\/revisions"}],"wp:attachment":[{"href":"https:\/\/blog.polityka.pl\/adamczewski\/wp-json\/wp\/v2\/media?parent=1624"}],"wp:term":[{"taxonomy":"category","embeddable":true,"href":"https:\/\/blog.polityka.pl\/adamczewski\/wp-json\/wp\/v2\/categories?post=1624"},{"taxonomy":"post_tag","embeddable":true,"href":"https:\/\/blog.polityka.pl\/adamczewski\/wp-json\/wp\/v2\/tags?post=1624"}],"curies":[{"name":"wp","href":"https:\/\/api.w.org\/{rel}","templated":true}]}}