
{"id":16246,"date":"2016-11-02T18:11:54","date_gmt":"2016-11-02T17:11:54","guid":{"rendered":"http:\/\/adamczewski.blog.polityka.pl\/?p=16246"},"modified":"2016-11-05T14:26:18","modified_gmt":"2016-11-05T13:26:18","slug":"powitanie","status":"publish","type":"post","link":"https:\/\/blog.polityka.pl\/adamczewski\/2016\/11\/02\/powitanie\/","title":{"rendered":"Powitanie"},"content":{"rendered":"<p>Ciesz\u0119 si\u0119, \u017ce tyle os\u00f3b wyra\u017ca aprobat\u0119 dla naszego pojawienia si\u0119 w blogu. Wirtualne rozmowy s\u0105 dla mnie nowym rozdzia\u0142em, ale poniewa\u017c znam wi\u0119kszo\u015b\u0107 rozm\u00f3wc\u00f3w od dawna, s\u0105 tak\u017ce powrotem do dobrych dni.<br \/>\n<!--more--><br \/>\nOstatnimi czasy jestem zanurzona w historii kuchni i niemal ka\u017cda wsp\u00f3\u0142czesna sytuacja pobudza mnie do por\u00f3wna\u0144, jak to drzewiej bywa\u0142o. Mam nadziej\u0119, \u017ce Was to r\u00f3wnie\u017c zainteresuje.<\/p>\n<p> &#8211; Barbara<\/p>\n<p>Ja jestem tu nowa, ale znam \u015brodowisko blogowe z opowie\u015bci Taty (szczerze m\u00f3wi\u0105c, troch\u0119 mi niezr\u0119cznie tak o nim pisa\u0107, bo tak do niego nie m\u00f3wi\u0142am, zwraca\u0142am si\u0119 po imieniu). Zamierzamy na pocz\u0105tek publikowa\u0107 wpisy przynajmniej dwa razy w tygodniu. Niekt\u00f3re b\u0119dziemy pisa\u0107 osobno, inne stworzymy razem. Prowadzimy r\u00f3\u017cne kuchnie i w niekt\u00f3rych sprawach reprezentujemy r\u00f3\u017cne punkty widzenia, ale dla nas obydwu kontynuacja ulubionego dzie\u0142a Piotra jest r\u00f3wnie wa\u017cna.<\/p>\n<p> &#8211; Agata<\/p>\n","protected":false},"excerpt":{"rendered":"<p>Ciesz\u0119 si\u0119, \u017ce tyle os\u00f3b wyra\u017ca aprobat\u0119 dla naszego pojawienia si\u0119 w blogu. Wirtualne rozmowy s\u0105 dla mnie nowym rozdzia\u0142em, ale poniewa\u017c znam wi\u0119kszo\u015b\u0107 rozm\u00f3wc\u00f3w od dawna, s\u0105 tak\u017ce powrotem do dobrych dni.<\/p>\n","protected":false},"author":39,"featured_media":0,"comment_status":"open","ping_status":"closed","sticky":false,"template":"","format":"standard","meta":{"footnotes":""},"categories":[1],"tags":[],"_links":{"self":[{"href":"https:\/\/blog.polityka.pl\/adamczewski\/wp-json\/wp\/v2\/posts\/16246"}],"collection":[{"href":"https:\/\/blog.polityka.pl\/adamczewski\/wp-json\/wp\/v2\/posts"}],"about":[{"href":"https:\/\/blog.polityka.pl\/adamczewski\/wp-json\/wp\/v2\/types\/post"}],"author":[{"embeddable":true,"href":"https:\/\/blog.polityka.pl\/adamczewski\/wp-json\/wp\/v2\/users\/39"}],"replies":[{"embeddable":true,"href":"https:\/\/blog.polityka.pl\/adamczewski\/wp-json\/wp\/v2\/comments?post=16246"}],"version-history":[{"count":2,"href":"https:\/\/blog.polityka.pl\/adamczewski\/wp-json\/wp\/v2\/posts\/16246\/revisions"}],"predecessor-version":[{"id":16254,"href":"https:\/\/blog.polityka.pl\/adamczewski\/wp-json\/wp\/v2\/posts\/16246\/revisions\/16254"}],"wp:attachment":[{"href":"https:\/\/blog.polityka.pl\/adamczewski\/wp-json\/wp\/v2\/media?parent=16246"}],"wp:term":[{"taxonomy":"category","embeddable":true,"href":"https:\/\/blog.polityka.pl\/adamczewski\/wp-json\/wp\/v2\/categories?post=16246"},{"taxonomy":"post_tag","embeddable":true,"href":"https:\/\/blog.polityka.pl\/adamczewski\/wp-json\/wp\/v2\/tags?post=16246"}],"curies":[{"name":"wp","href":"https:\/\/api.w.org\/{rel}","templated":true}]}}