
{"id":16276,"date":"2016-11-18T07:21:43","date_gmt":"2016-11-18T06:21:43","guid":{"rendered":"http:\/\/adamczewski.blog.polityka.pl\/?p=16276"},"modified":"2016-12-07T13:55:26","modified_gmt":"2016-12-07T12:55:26","slug":"uroki-wloskiej-kolejki-w-sklepie-spozywczym","status":"publish","type":"post","link":"https:\/\/blog.polityka.pl\/adamczewski\/2016\/11\/18\/uroki-wloskiej-kolejki-w-sklepie-spozywczym\/","title":{"rendered":"Uroki w\u0142oskiej kolejki w sklepie spo\u017cywczym"},"content":{"rendered":"<p>Ka\u017cde wakacje dobiegaj\u0105 kiedy\u015b ko\u0144ca, a je\u015bli sp\u0119dza\u0142o si\u0119 je we W\u0142oszech, pod koniec pobytu nadchodzi moment, kiedy warto si\u0119 wybra\u0107 do sklepu po zapasy do zabrania do domu. Najbardziej oczywista jest pewna ilo\u015b\u0107 parmezanu i kilku innych ser\u00f3w, w\u0119dlin, oliwek oraz pesto z wiadra. Oczywi\u015bcie o niebo lepszego od wszelkich paczkowanych. Je\u015bli robimy zakupy z g\u0142ow\u0105, mo\u017cemy te wszystkie produkty kupi\u0107 naprawd\u0119 tanio i dobrej jako\u015bci.<br \/>\n<!--more--><br \/>\nTrzeba jednak przedyskutowa\u0107 ze sprzedawczyni\u0105, co wybra\u0107, a mo\u017ce nawet spr\u00f3bowa\u0107 tego i owego. Potem nast\u0119puje krojenie, uk\u0142adanie (taka cienko pokrojona i umiej\u0119tnie u\u0142o\u017cona szynka to prawdziwe dzie\u0142o sztuki) i zawijanie, a w ko\u0144cu, je\u015bli poprosimy o zapakowanie na podr\u00f3\u017c, pakowanie pr\u00f3\u017cniowe. Przez ten czas za nami tworzy si\u0119 kolejka. Zaczynamy si\u0119 nerwowo rozgl\u0105da\u0107, czekaj\u0105c na to, kto pierwszy zwr\u00f3ci nam uwag\u0119, \u017ce do\u015b\u0107 ju\u017c tego.<\/p>\n<p>I tu nast\u0119puje wielkie zaskoczenie. Kolejka si\u0119 nie denerwuje. Kolejka rozumie, \u017ce s\u0105 sprawy wa\u017cne. I tak\u0105 wa\u017cn\u0105 spraw\u0105 jest wyb\u00f3r zakup\u00f3w. Cz\u0119sto kolejka nawet zagaduje. Doradza. Czasem rozwija si\u0119 dyskusja, kt\u00f3ry ser jest lepszy albo z jakim winem smakuje najlepiej. Ludzie zaczynaj\u0105 wymienia\u0107 przepisy.<\/p>\n<p>We W\u0142oszech jedzenie jest bardzo wa\u017cn\u0105 spraw\u0105, a codzienny po\u015bpiech jakby mniejszy ni\u017c u nas. A mo\u017ce po prostu W\u0142osi powa\u017cnie podchodz\u0105 do stania w kolejce? To by wyja\u015bnia\u0142o, dlaczego w\u0142a\u015bnie we W\u0142oszech zarejestrowano na pocz\u0105tku tego roku nowy zaw\u00f3d \u2013 stacza kolejkowego.<\/p>\n<p>Na pocieszenie powiem, \u017ce takie sytuacje zauwa\u017cy\u0142am w niedu\u017cych miejscowo\u015bciach. Kto wie, jak by to wygl\u0105da\u0142o w Rzymie&#8230;<\/p>\n","protected":false},"excerpt":{"rendered":"<p>Ka\u017cde wakacje dobiegaj\u0105 kiedy\u015b ko\u0144ca, a je\u015bli sp\u0119dza\u0142o si\u0119 je we W\u0142oszech, pod koniec pobytu nadchodzi moment, kiedy warto si\u0119 wybra\u0107 do sklepu po zapasy do zabrania do domu. Najbardziej oczywista jest pewna ilo\u015b\u0107 parmezanu i kilku innych ser\u00f3w, w\u0119dlin, oliwek oraz pesto z wiadra. Oczywi\u015bcie o niebo lepszego od wszelkich paczkowanych. Je\u015bli robimy zakupy [&hellip;]<\/p>\n","protected":false},"author":38,"featured_media":0,"comment_status":"open","ping_status":"closed","sticky":false,"template":"","format":"standard","meta":{"footnotes":""},"categories":[1],"tags":[],"_links":{"self":[{"href":"https:\/\/blog.polityka.pl\/adamczewski\/wp-json\/wp\/v2\/posts\/16276"}],"collection":[{"href":"https:\/\/blog.polityka.pl\/adamczewski\/wp-json\/wp\/v2\/posts"}],"about":[{"href":"https:\/\/blog.polityka.pl\/adamczewski\/wp-json\/wp\/v2\/types\/post"}],"author":[{"embeddable":true,"href":"https:\/\/blog.polityka.pl\/adamczewski\/wp-json\/wp\/v2\/users\/38"}],"replies":[{"embeddable":true,"href":"https:\/\/blog.polityka.pl\/adamczewski\/wp-json\/wp\/v2\/comments?post=16276"}],"version-history":[{"count":8,"href":"https:\/\/blog.polityka.pl\/adamczewski\/wp-json\/wp\/v2\/posts\/16276\/revisions"}],"predecessor-version":[{"id":16336,"href":"https:\/\/blog.polityka.pl\/adamczewski\/wp-json\/wp\/v2\/posts\/16276\/revisions\/16336"}],"wp:attachment":[{"href":"https:\/\/blog.polityka.pl\/adamczewski\/wp-json\/wp\/v2\/media?parent=16276"}],"wp:term":[{"taxonomy":"category","embeddable":true,"href":"https:\/\/blog.polityka.pl\/adamczewski\/wp-json\/wp\/v2\/categories?post=16276"},{"taxonomy":"post_tag","embeddable":true,"href":"https:\/\/blog.polityka.pl\/adamczewski\/wp-json\/wp\/v2\/tags?post=16276"}],"curies":[{"name":"wp","href":"https:\/\/api.w.org\/{rel}","templated":true}]}}