
{"id":16331,"date":"2016-12-09T07:37:59","date_gmt":"2016-12-09T06:37:59","guid":{"rendered":"http:\/\/adamczewski.blog.polityka.pl\/?p=16331"},"modified":"2016-12-24T13:44:57","modified_gmt":"2016-12-24T12:44:57","slug":"%ef%bb%bf-sniadanie-na-targu","status":"publish","type":"post","link":"https:\/\/blog.polityka.pl\/adamczewski\/2016\/12\/09\/%ef%bb%bf-sniadanie-na-targu\/","title":{"rendered":"\ufeff \u015aniadanie na targu"},"content":{"rendered":"<p>Najpierw w Warszawie s\u0142ysza\u0142o si\u0119 tylko o jednym takim przedsi\u0119wzi\u0119ciu zlokalizowanym na \u017boliborzu. Dzi\u015b mo\u017cna trafi\u0107 na targi w miejscach, w kt\u00f3rych nigdy by\u015bmy si\u0119 tego nie spodziewali. Na przyk\u0142ad w holu \u015br\u00f3dmiejskiego kina.<br \/>\n<!--more--><br \/>\nTargi \u015bniadaniowe to miejsce promocji zdrowej \u017cywno\u015bci i ma\u0142ych wytw\u00f3rc\u00f3w r\u00f3\u017cnych produkt\u00f3w spo\u017cywczych. Knajpki z okolicy proponuj\u0105 proste dania ze swego menu.<\/p>\n<p>Powsta\u0142y jako pomys\u0142 na skonsolidowanie lokalnych spo\u0142eczno\u015bci, miejsce, gdzie mog\u0105 si\u0119 pozna\u0107 s\u0105siedzi. Najwyra\u017aniej jednak przybywaj\u0105 na nie ch\u0119tni nie tylko z najbli\u017cszej okolicy. W pobli\u017cu mokotowskiego Targu \u015aniadaniowego trudno zaparkowa\u0107.<\/p>\n<p>Nazwa \u015bniadaniowy nie do ko\u0144ca odpowiada rzeczywisto\u015bci. No, chyba \u017ce uznajemy za norm\u0119 jedzenie \u015bniadania w dzie\u0144 wolny od pracy o 16. Zreszt\u0105 menu tak\u017ce nie do ko\u0144ca kojarzy si\u0119 ze \u015bniadaniem. Chyba \u017ce kto\u015b lubi jada\u0107 rano krewetki sma\u017cone w g\u0142\u0119bokim t\u0142uszczu.<\/p>\n<p>Nie ma si\u0119 jednak co czepia\u0107 szczeg\u00f3\u0142\u00f3w, skoro targi ciesz\u0105 si\u0119 du\u017cym zainteresowaniem. Ludzi jest mn\u00f3stwo. Du\u017co rodzin z dzie\u0107mi. Je\u015bli chodzi o to, co mo\u017cna kupi\u0107, to znajdziemy tu oczywi\u015bcie typowy asortyment festynowo-\u015bwi\u0105teczny. Chleb na zakwasie, mi\u00f3d z ma\u0142ej pasieki, zdrowe w\u0119dliny, sery z prawdziwego mleka, czyli produkty, kt\u00f3re pojawiaj\u0105 si\u0119 na rozmaitych festynach i jarmarkach w ca\u0142ej Polsce.<\/p>\n<p>Ale na szcz\u0119\u015bcie na tym si\u0119 nie ko\u0144czy. Jest wiele smacznych potraw proponowanych przez knajpki i ma\u0142e wytw\u00f3rnie. S\u0105 osoby, kt\u00f3re zabra\u0142y si\u0119 za upraw\u0119 topinambur\u00f3w, suszenie owoc\u00f3w czy lepienie pierog\u00f3w. Ch\u0119tnie opowiadaj\u0105 o swoich towarach i zaj\u0119ciu. Bywaj\u0105 targi tematyczne, na przyk\u0142ad prezentuj\u0105ce kuchni\u0119 orientaln\u0105 czy portugalsk\u0105, targi jesienne, miko\u0142ajkowe, andrzejkowe, zwi\u0105zane z aktualnymi \u015bwi\u0119tami. Organizatorzy przewidzieli te\u017c zaj\u0119cia dla dzieci. D\u0142ugie sto\u0142y sprzyjaj\u0105 nawi\u0105zywaniu kontakt\u00f3w. Sporo w tym z atmosfery festynu.<\/p>\n<p>Zim\u0105 targi przenosz\u0105 si\u0119 pod dach, do hallu kina Luna. Pomys\u0142 jest fajny, cho\u0107 widzowie kina mog\u0105 mie\u0107 inne zdanie. Kiedy w najbardziej dramatycznych momentach filmu \u201eOstatnia rodzina\u201d s\u0142ysza\u0142am \u201e12,50 poprosz\u0119\u201d, zacz\u0119\u0142am mie\u0107 w\u0105tpliwo\u015bci. No, ale do pe\u0142ni szcz\u0119\u015bcia wystarczy po prostu wyg\u0142uszenie drzwi.<a href=\"\/wp-content\/uploads\/2016\/11\/targ-sniad1.jpg\" rel=\"attachment wp-att-16302\"><img loading=\"lazy\" decoding=\"async\" src=\"\/wp-content\/uploads\/2016\/11\/targ-sniad1-1024x576.jpg\" alt=\"targ sniad1\" width=\"620\" height=\"349\" class=\"alignnone size-large wp-image-16302\" srcset=\"\/adamczewski\/wp-content\/uploads\/2016\/11\/targ-sniad1-1024x576.jpg 1024w, \/adamczewski\/wp-content\/uploads\/2016\/11\/targ-sniad1-300x169.jpg 300w, \/adamczewski\/wp-content\/uploads\/2016\/11\/targ-sniad1-768x432.jpg 768w\" sizes=\"(max-width: 620px) 100vw, 620px\" \/><\/a><\/p>\n","protected":false},"excerpt":{"rendered":"<p>Najpierw w Warszawie s\u0142ysza\u0142o si\u0119 tylko o jednym takim przedsi\u0119wzi\u0119ciu zlokalizowanym na \u017boliborzu. Dzi\u015b mo\u017cna trafi\u0107 na targi w miejscach, w kt\u00f3rych nigdy by\u015bmy si\u0119 tego nie spodziewali. Na przyk\u0142ad w holu \u015br\u00f3dmiejskiego kina.<\/p>\n","protected":false},"author":38,"featured_media":0,"comment_status":"open","ping_status":"closed","sticky":false,"template":"","format":"standard","meta":{"footnotes":""},"categories":[1],"tags":[],"_links":{"self":[{"href":"https:\/\/blog.polityka.pl\/adamczewski\/wp-json\/wp\/v2\/posts\/16331"}],"collection":[{"href":"https:\/\/blog.polityka.pl\/adamczewski\/wp-json\/wp\/v2\/posts"}],"about":[{"href":"https:\/\/blog.polityka.pl\/adamczewski\/wp-json\/wp\/v2\/types\/post"}],"author":[{"embeddable":true,"href":"https:\/\/blog.polityka.pl\/adamczewski\/wp-json\/wp\/v2\/users\/38"}],"replies":[{"embeddable":true,"href":"https:\/\/blog.polityka.pl\/adamczewski\/wp-json\/wp\/v2\/comments?post=16331"}],"version-history":[{"count":4,"href":"https:\/\/blog.polityka.pl\/adamczewski\/wp-json\/wp\/v2\/posts\/16331\/revisions"}],"predecessor-version":[{"id":16334,"href":"https:\/\/blog.polityka.pl\/adamczewski\/wp-json\/wp\/v2\/posts\/16331\/revisions\/16334"}],"wp:attachment":[{"href":"https:\/\/blog.polityka.pl\/adamczewski\/wp-json\/wp\/v2\/media?parent=16331"}],"wp:term":[{"taxonomy":"category","embeddable":true,"href":"https:\/\/blog.polityka.pl\/adamczewski\/wp-json\/wp\/v2\/categories?post=16331"},{"taxonomy":"post_tag","embeddable":true,"href":"https:\/\/blog.polityka.pl\/adamczewski\/wp-json\/wp\/v2\/tags?post=16331"}],"curies":[{"name":"wp","href":"https:\/\/api.w.org\/{rel}","templated":true}]}}