
{"id":16367,"date":"2016-12-24T07:46:01","date_gmt":"2016-12-24T06:46:01","guid":{"rendered":"http:\/\/adamczewski.blog.polityka.pl\/?p=16367"},"modified":"2016-12-27T09:31:50","modified_gmt":"2016-12-27T08:31:50","slug":"wszyscy-wszystkim-sla-zyczenia","status":"publish","type":"post","link":"https:\/\/blog.polityka.pl\/adamczewski\/2016\/12\/24\/wszyscy-wszystkim-sla-zyczenia\/","title":{"rendered":"Wszyscy wszystkim \u015bl\u0105 \u017cyczenia"},"content":{"rendered":"<p>Dzi\u015b zewsz\u0105d s\u0142yszymy \u017cyczenia. Mo\u017cna by s\u0105dzi\u0107, \u017ce dzi\u0119ki temu ogromowi dobrej energii przekazywanej jednym przez drugich nast\u0105pi wkr\u00f3tce powszechne porozumienie i pok\u00f3j. Jedni wybacz\u0105 drugim, podadz\u0105 sobie r\u0119ce i zaczn\u0105 rozmawia\u0107. Z tak\u0105 nadziej\u0105 pozosta\u0144my.<br \/>\n<!--more--><br \/>\nDla nas te \u015bwi\u0119ta b\u0119d\u0105 inne, ni\u017c si\u0119 do tego przez dziesi\u0119ciolecia przyzwyczai\u0142y\u015bmy. W zesz\u0142ym roku podczas \u0142amania si\u0119 op\u0142atkiem mieli\u015bmy nadziej\u0119, \u017ce spotkamy si\u0119 za rok w tym samym gronie. Niestety zabrak\u0142o osoby niezwykle wa\u017cnej dla nas i dla tego blogu.<\/p>\n<p>B\u0119dziemy Piotra wspomina\u0107. B\u0119dziemy o nim my\u015ble\u0107. Wypijemy dobrym winem toast za jego pami\u0119\u0107. I b\u0119dziemy je\u015b\u0107 potrawy, kt\u00f3re lubi\u0142, a tak\u017ce pr\u00f3bowa\u0142y przygotowywa\u0107 te, kt\u00f3re on przygotowywa\u0142. W tym roku kutia nie b\u0119dzie ju\u017c smakowa\u0107 tak samo.<\/p>\n<p>Nasze menu wigilijne powsta\u0142o w wyniku stara\u0144 r\u00f3\u017cnych bliskich os\u00f3b, kt\u00f3re ju\u017c odesz\u0142y. To babcia Eufrozyna robi\u0142a piero\u017cki ze s\u0142odkiego ciasta dro\u017cd\u017cowego nadziewane kapust\u0105 z grzybami. Babcia J\u00f3zia przygotowywa\u0142a pyszne makowce. Piotr specjalizowa\u0142 si\u0119 w kutii oraz&#8230; jedzeniu karpia przyrz\u0105dzonego wed\u0142ug przepisu swojej babci i mamy. Te potrawy s\u0105 obecne tak\u017ce dzi\u015b na naszym stole. A op\u0142atek podajemy na talerzyku, na kt\u00f3rym by\u0142 zawsze podawany u dziadk\u00f3w&#8230;<\/p>\n<p>Pami\u0119\u0107 najlepiej si\u0119 przechowuje w takich w\u0142a\u015bnie drobiazgach. Talerzyk od babci albo po babci ka\u017ce nam o niej pami\u0119ta\u0107 przy ka\u017cdym u\u017cyciu. U\u017cywaj\u0105c p\u00f3\u0142miska po cioci, wspominamy j\u0105, dzi\u0119ki czemu staje si\u0119 kim\u015b bliskim tak\u017ce kolejnym pokoleniom, kt\u00f3re nie mia\u0142y okazji jej pozna\u0107.<\/p>\n<p>\u017byczymy wszystkim, \u017ceby te \u015bwi\u0119ta przynios\u0142y im spok\u00f3j i wyciszenie oraz czas na snucie mi\u0142ych wspomnie\u0144 o bliskich osobach. No i oczywi\u015bcie nieustaj\u0105co \u017cyczymy\u2013 smacznego.<\/p>\n","protected":false},"excerpt":{"rendered":"<p>Dzi\u015b zewsz\u0105d s\u0142yszymy \u017cyczenia. Mo\u017cna by s\u0105dzi\u0107, \u017ce dzi\u0119ki temu ogromowi dobrej energii przekazywanej jednym przez drugich nast\u0105pi wkr\u00f3tce powszechne porozumienie i pok\u00f3j. Jedni wybacz\u0105 drugim, podadz\u0105 sobie r\u0119ce i zaczn\u0105 rozmawia\u0107. Z tak\u0105 nadziej\u0105 pozosta\u0144my.<\/p>\n","protected":false},"author":39,"featured_media":0,"comment_status":"open","ping_status":"closed","sticky":false,"template":"","format":"standard","meta":{"footnotes":""},"categories":[1],"tags":[],"_links":{"self":[{"href":"https:\/\/blog.polityka.pl\/adamczewski\/wp-json\/wp\/v2\/posts\/16367"}],"collection":[{"href":"https:\/\/blog.polityka.pl\/adamczewski\/wp-json\/wp\/v2\/posts"}],"about":[{"href":"https:\/\/blog.polityka.pl\/adamczewski\/wp-json\/wp\/v2\/types\/post"}],"author":[{"embeddable":true,"href":"https:\/\/blog.polityka.pl\/adamczewski\/wp-json\/wp\/v2\/users\/39"}],"replies":[{"embeddable":true,"href":"https:\/\/blog.polityka.pl\/adamczewski\/wp-json\/wp\/v2\/comments?post=16367"}],"version-history":[{"count":4,"href":"https:\/\/blog.polityka.pl\/adamczewski\/wp-json\/wp\/v2\/posts\/16367\/revisions"}],"predecessor-version":[{"id":16386,"href":"https:\/\/blog.polityka.pl\/adamczewski\/wp-json\/wp\/v2\/posts\/16367\/revisions\/16386"}],"wp:attachment":[{"href":"https:\/\/blog.polityka.pl\/adamczewski\/wp-json\/wp\/v2\/media?parent=16367"}],"wp:term":[{"taxonomy":"category","embeddable":true,"href":"https:\/\/blog.polityka.pl\/adamczewski\/wp-json\/wp\/v2\/categories?post=16367"},{"taxonomy":"post_tag","embeddable":true,"href":"https:\/\/blog.polityka.pl\/adamczewski\/wp-json\/wp\/v2\/tags?post=16367"}],"curies":[{"name":"wp","href":"https:\/\/api.w.org\/{rel}","templated":true}]}}