
{"id":16369,"date":"2016-12-23T06:47:53","date_gmt":"2016-12-23T05:47:53","guid":{"rendered":"http:\/\/adamczewski.blog.polityka.pl\/?p=16369"},"modified":"2016-12-19T23:13:42","modified_gmt":"2016-12-19T22:13:42","slug":"swiateczne-lektury","status":"publish","type":"post","link":"https:\/\/blog.polityka.pl\/adamczewski\/2016\/12\/23\/swiateczne-lektury\/","title":{"rendered":"\u015awi\u0105teczne lektury"},"content":{"rendered":"<p>Jak ju\u017c pisa\u0142am przy okazji pierniczenia, lubi\u0119 rytua\u0142y. Mam takie ksi\u0105\u017cki, kt\u00f3re kojarz\u0105 mi si\u0119 ze \u015bwi\u0119tami i w ka\u017cde Bo\u017ce Narodzenie musz\u0119 ich przeczyta\u0107 kawa\u0142ek, cho\u0107by stroniczk\u0119, \u017ceby poczu\u0107 si\u0119 w pe\u0142ni \u015bwi\u0105tecznie.<br \/>\n<!--more--><br \/>\nZami\u0142owanie do rytua\u0142\u00f3w jest zreszt\u0105 czym\u015b normalnym i wyt\u0142umaczalnym biologicznie. Pi\u0119kn\u0105 histori\u0119 na ten temat, kt\u00f3ra pozwala mi si\u0119 usprawiedliwi\u0107, mo\u017cna znale\u017a\u0107 u cytowanego ju\u017c przeze mnie Konrada Lorenza. To opowie\u015b\u0107 o g\u0105sce Martinie, kt\u00f3ra nauczy\u0142a si\u0119 sypia\u0107 w sypialni swojego opiekuna. Zawsze przed wieczornym wej\u015bciem do sypialni na pi\u0119trze, kt\u00f3re wymaga\u0142o od niej sporo odwagi, wygl\u0105da\u0142a przez chwil\u0119, najwyra\u017aniej po to, \u017ceby zebra\u0107 si\u0142y psychiczne, przez okno na parterze.<\/p>\n<p>Dopiero potem wkracza\u0142a na schody. Kiedy badacz zapomnia\u0142 pewnego wieczoru wpu\u015bci\u0107 j\u0105 do domu i biedaczka d\u0142ugo czeka\u0142a przed drzwiami, pobieg\u0142a bez namys\u0142u prosto na schody. Ale ju\u017c po kilku krokach nasz\u0142y j\u0105 w\u0105tpliwo\u015bci. Zbieg\u0142a, zrobi\u0142a k\u00f3\u0142ko w kierunku okna i, ju\u017c uspokojona, pobieg\u0142a na g\u00f3r\u0119. Co oznacza, \u017ce zami\u0142owanie do rytua\u0142\u00f3w jest naszym biologicznym wyposa\u017ceniem.<\/p>\n<p>Ale wracaj\u0105c do ksi\u0105\u017cek, to wstyd si\u0119 przyzna\u0107, ale w \u015bwi\u0119ta wracam do lektur z dzieci\u0144stwa albo wieku nastoletniego. Czytam wi\u0119c \u201eKub\u0119 znad Morza Emskiego\u201d Natalii Rolleczek, konkretnie pi\u0119kn\u0105 histori\u0119 o kupowaniu choinki. No i czasem poprawiam jeszcze kawa\u0142e\u0144kiem ksi\u0105\u017cki Ma\u0142gorzaty Musierowicz \u201eNoelka\u201d.<\/p>\n<p>Oczywi\u015bcie wystarczy mi przeczytanie kilku stron i ju\u017c mog\u0119 spokojnie podrepta\u0107 do sypialni. Pewnie s\u0105 osoby, kt\u00f3re si\u0119gaj\u0105 w tym okresie po \u201eOpowie\u015b\u0107 wigilijn\u0105\u201d Dickensa albo inne tytu\u0142y. Ch\u0119tnie dowiemy si\u0119, jakie. Mo\u017ce niekt\u00f3re z nich sta\u0142yby si\u0119 i naszymi lekturami \u015bwi\u0105tecznymi.<\/p>\n","protected":false},"excerpt":{"rendered":"<p>Jak ju\u017c pisa\u0142am przy okazji pierniczenia, lubi\u0119 rytua\u0142y. Mam takie ksi\u0105\u017cki, kt\u00f3re kojarz\u0105 mi si\u0119 ze \u015bwi\u0119tami i w ka\u017cde Bo\u017ce Narodzenie musz\u0119 ich przeczyta\u0107 kawa\u0142ek, cho\u0107by stroniczk\u0119, \u017ceby poczu\u0107 si\u0119 w pe\u0142ni \u015bwi\u0105tecznie.<\/p>\n","protected":false},"author":38,"featured_media":0,"comment_status":"open","ping_status":"closed","sticky":false,"template":"","format":"standard","meta":{"footnotes":""},"categories":[1],"tags":[],"_links":{"self":[{"href":"https:\/\/blog.polityka.pl\/adamczewski\/wp-json\/wp\/v2\/posts\/16369"}],"collection":[{"href":"https:\/\/blog.polityka.pl\/adamczewski\/wp-json\/wp\/v2\/posts"}],"about":[{"href":"https:\/\/blog.polityka.pl\/adamczewski\/wp-json\/wp\/v2\/types\/post"}],"author":[{"embeddable":true,"href":"https:\/\/blog.polityka.pl\/adamczewski\/wp-json\/wp\/v2\/users\/38"}],"replies":[{"embeddable":true,"href":"https:\/\/blog.polityka.pl\/adamczewski\/wp-json\/wp\/v2\/comments?post=16369"}],"version-history":[{"count":3,"href":"https:\/\/blog.polityka.pl\/adamczewski\/wp-json\/wp\/v2\/posts\/16369\/revisions"}],"predecessor-version":[{"id":16375,"href":"https:\/\/blog.polityka.pl\/adamczewski\/wp-json\/wp\/v2\/posts\/16369\/revisions\/16375"}],"wp:attachment":[{"href":"https:\/\/blog.polityka.pl\/adamczewski\/wp-json\/wp\/v2\/media?parent=16369"}],"wp:term":[{"taxonomy":"category","embeddable":true,"href":"https:\/\/blog.polityka.pl\/adamczewski\/wp-json\/wp\/v2\/categories?post=16369"},{"taxonomy":"post_tag","embeddable":true,"href":"https:\/\/blog.polityka.pl\/adamczewski\/wp-json\/wp\/v2\/tags?post=16369"}],"curies":[{"name":"wp","href":"https:\/\/api.w.org\/{rel}","templated":true}]}}