
{"id":16383,"date":"2016-12-30T07:51:19","date_gmt":"2016-12-30T06:51:19","guid":{"rendered":"http:\/\/adamczewski.blog.polityka.pl\/?p=16383"},"modified":"2016-12-24T13:48:03","modified_gmt":"2016-12-24T12:48:03","slug":"czas-podsumowan","status":"publish","type":"post","link":"https:\/\/blog.polityka.pl\/adamczewski\/2016\/12\/30\/czas-podsumowan\/","title":{"rendered":"Czas podsumowa\u0144"},"content":{"rendered":"<p>Zawsze kiedy ko\u0144czy si\u0119 jaka\u015b podr\u00f3\u017c albo przedsi\u0119wzi\u0119cie i zaczynam je ocenia\u0107, m\u00f3j m\u0105\u017c \u015bmieje si\u0119 ze mnie: \u201eOho, nadchodzi czas podsumowa\u0144\u201d. Ale nie ma si\u0119 co \u015bmia\u0107, posumowania to wa\u017cna rzecz. Podsumowania roku zw\u0142aszcza. A obietnice noworoczne s\u0105 jeszcze wa\u017cniejsze. Z moich dotrzymanych obietnic wynik\u0142o par\u0119 wa\u017cnych i fajnych rzeczy.<br \/>\n<!--more--><br \/>\nJe\u015bli nawet oceniamy rok og\u00f3lnie jako nie najlepszy dla nas prywatnie albo w sferze publicznej (!), spr\u00f3bujmy znale\u017a\u0107 tak\u0105 dziedzin\u0119, w kt\u00f3rej co\u015b przyjemnego si\u0119 wydarzy\u0142o. Mo\u017ce na przyk\u0142ad podsumujmy rok pod wzgl\u0119dem kulinarnym albo literackim. Proponuj\u0119 w\u0142a\u015bnie takie, niewywo\u0142uj\u0105ce z\u0142ych emocji, podsumowanie roku 2016. Co nowego i smacznego zjedli\u015bcie? Co ciekawego przeczytali\u015bcie?<\/p>\n<p>Ja na przyk\u0142ad odkry\u0142am dla siebie wsp\u00f3\u0142czesn\u0105 literatur\u0119 polsk\u0105, kt\u00f3r\u0105 przez wiele lat pomija\u0142am. Moja p\u00f3\u0142ka z ksi\u0105\u017ckami polskich autor\u00f3w si\u0119 rozrasta i dostarcza mi naprawd\u0119 mi\u0142ych prze\u017cy\u0107. Delektuj\u0119 si\u0119 teraz lektur\u0105 \u201eLali\u201d Jacka Dehnela. Wszystkim szykuj\u0105cym w\u0142a\u015bnie sylwestrowe przyj\u0119cia polecam histori\u0119 letnich przyj\u0119\u0107 organizowanych przez jego praprababk\u0119 Wand\u0119. Przygotowywa\u0142a si\u0119 do nich pieczo\u0142owicie, aby pozosta\u0142y niezapomniane. I rzeczywi\u015bcie takimi si\u0119 sta\u0142y \u2013 atrakcj\u0105 pierwszego okaza\u0142 si\u0119 piorun kulisty, a drugie zosta\u0142o udaremnione przez krow\u0119, kt\u00f3ra wdar\u0142a si\u0119 na salony. \u017byczymy zatem przyj\u0119cia niezapomnianego w zupe\u0142nie innym sensie ni\u017c opisane.<\/p>\n<p>A poza tym wszystkiego najlepszego w kolejnym roku. On po prostu MUSI by\u0107 lepszy. Nie ma wyj\u015bcia.<\/p>\n","protected":false},"excerpt":{"rendered":"<p>Zawsze kiedy ko\u0144czy si\u0119 jaka\u015b podr\u00f3\u017c albo przedsi\u0119wzi\u0119cie i zaczynam je ocenia\u0107, m\u00f3j m\u0105\u017c \u015bmieje si\u0119 ze mnie: \u201eOho, nadchodzi czas podsumowa\u0144\u201d. Ale nie ma si\u0119 co \u015bmia\u0107, posumowania to wa\u017cna rzecz. Podsumowania roku zw\u0142aszcza. A obietnice noworoczne s\u0105 jeszcze wa\u017cniejsze. Z moich dotrzymanych obietnic wynik\u0142o par\u0119 wa\u017cnych i fajnych rzeczy.<\/p>\n","protected":false},"author":38,"featured_media":0,"comment_status":"open","ping_status":"closed","sticky":false,"template":"","format":"standard","meta":{"footnotes":""},"categories":[1],"tags":[],"_links":{"self":[{"href":"https:\/\/blog.polityka.pl\/adamczewski\/wp-json\/wp\/v2\/posts\/16383"}],"collection":[{"href":"https:\/\/blog.polityka.pl\/adamczewski\/wp-json\/wp\/v2\/posts"}],"about":[{"href":"https:\/\/blog.polityka.pl\/adamczewski\/wp-json\/wp\/v2\/types\/post"}],"author":[{"embeddable":true,"href":"https:\/\/blog.polityka.pl\/adamczewski\/wp-json\/wp\/v2\/users\/38"}],"replies":[{"embeddable":true,"href":"https:\/\/blog.polityka.pl\/adamczewski\/wp-json\/wp\/v2\/comments?post=16383"}],"version-history":[{"count":2,"href":"https:\/\/blog.polityka.pl\/adamczewski\/wp-json\/wp\/v2\/posts\/16383\/revisions"}],"predecessor-version":[{"id":16391,"href":"https:\/\/blog.polityka.pl\/adamczewski\/wp-json\/wp\/v2\/posts\/16383\/revisions\/16391"}],"wp:attachment":[{"href":"https:\/\/blog.polityka.pl\/adamczewski\/wp-json\/wp\/v2\/media?parent=16383"}],"wp:term":[{"taxonomy":"category","embeddable":true,"href":"https:\/\/blog.polityka.pl\/adamczewski\/wp-json\/wp\/v2\/categories?post=16383"},{"taxonomy":"post_tag","embeddable":true,"href":"https:\/\/blog.polityka.pl\/adamczewski\/wp-json\/wp\/v2\/tags?post=16383"}],"curies":[{"name":"wp","href":"https:\/\/api.w.org\/{rel}","templated":true}]}}