
{"id":164,"date":"2007-03-07T08:27:16","date_gmt":"2007-03-07T07:27:16","guid":{"rendered":"http:\/\/adamczewski.blog.polityka.pl\/?p=164"},"modified":"2007-03-07T08:27:16","modified_gmt":"2007-03-07T07:27:16","slug":"zgadnij-co-gotujemy-30","status":"publish","type":"post","link":"https:\/\/blog.polityka.pl\/adamczewski\/2007\/03\/07\/zgadnij-co-gotujemy-30\/","title":{"rendered":"Zgadnij co gotujemy? (30)"},"content":{"rendered":"<p>I stukn\u0119\u0142a nam trzydziestka. To skromny ale pi\u0119kny jubileusz naszej wsp\u00f3lnej zabawy. B\u0119dziemy ja kontynuowa\u0107 do momentu gdy znikn\u0105 ch\u0119tni do uczestniczenia w zgadywance lub zabraknie nowych ksi\u0105\u017cek na nagrody. Tymczasem nie zapowiada si\u0119 kryzys ani w jednej, ani w drugiej kwestii. No to zaczynamy.<br \/>\n1. We Francji <em>boudin noir<\/em>, w Portugalii <em>morcela<\/em>, a w Szkocji <em>haggis<\/em> to odpowiedniki czy raczej krewniacy polskiej bardzo popularnej w\u0119dliny. Jaka jest jej nazwa?<br \/>\n2. Turbot, sola, g\u0142adnica to bardzo bliscy krewniacy lubianej w Polsce ba\u0142tyckiej ryby. Jakiej?<br \/>\n3. Polskie go\u0142\u0105bki z kapusty maj\u0105 swoje odpowiedniki na Ba\u0142kanach. Z czego robi\u0105 to danie Grecy, Bu\u0142garzy, Macedo\u0144czycy, Turcy i jak je nazywaj\u0105?<\/p>\n<p>\u00a0<\/p>\n<p>Kto prawid\u0142owo odpowie na te trzy pytania i najszybciej przy\u015ble rozwi\u0105zanie na adres <a href=\"mailto:internet@polityka.com.pl\">internet@polityka.com.pl<\/a>\u00a0 ten otrzyma moj\u0105 ksi\u0105\u017ck\u0119 &#8222;M\u0119skie gotowanie&#8221; wydan\u0105 przez firm\u0119 Pr\u00f3szy\u0144ski i S-ka opatrzon\u0105 dedykacj\u0105 i autografem. Czekam!<\/p>\n","protected":false},"excerpt":{"rendered":"<p>I stukn\u0119\u0142a nam trzydziestka. To skromny ale pi\u0119kny jubileusz naszej wsp\u00f3lnej zabawy. B\u0119dziemy ja kontynuowa\u0107 do momentu gdy znikn\u0105 ch\u0119tni do uczestniczenia w zgadywance lub zabraknie nowych ksi\u0105\u017cek na nagrody. Tymczasem nie zapowiada si\u0119 kryzys ani w jednej, ani w drugiej kwestii. No to zaczynamy. 1. We Francji boudin noir, w Portugalii morcela, a w [&hellip;]<\/p>\n","protected":false},"author":2,"featured_media":0,"comment_status":"open","ping_status":"open","sticky":false,"template":"","format":"standard","meta":{"footnotes":""},"categories":[1],"tags":[],"_links":{"self":[{"href":"https:\/\/blog.polityka.pl\/adamczewski\/wp-json\/wp\/v2\/posts\/164"}],"collection":[{"href":"https:\/\/blog.polityka.pl\/adamczewski\/wp-json\/wp\/v2\/posts"}],"about":[{"href":"https:\/\/blog.polityka.pl\/adamczewski\/wp-json\/wp\/v2\/types\/post"}],"author":[{"embeddable":true,"href":"https:\/\/blog.polityka.pl\/adamczewski\/wp-json\/wp\/v2\/users\/2"}],"replies":[{"embeddable":true,"href":"https:\/\/blog.polityka.pl\/adamczewski\/wp-json\/wp\/v2\/comments?post=164"}],"version-history":[{"count":0,"href":"https:\/\/blog.polityka.pl\/adamczewski\/wp-json\/wp\/v2\/posts\/164\/revisions"}],"wp:attachment":[{"href":"https:\/\/blog.polityka.pl\/adamczewski\/wp-json\/wp\/v2\/media?parent=164"}],"wp:term":[{"taxonomy":"category","embeddable":true,"href":"https:\/\/blog.polityka.pl\/adamczewski\/wp-json\/wp\/v2\/categories?post=164"},{"taxonomy":"post_tag","embeddable":true,"href":"https:\/\/blog.polityka.pl\/adamczewski\/wp-json\/wp\/v2\/tags?post=164"}],"curies":[{"name":"wp","href":"https:\/\/api.w.org\/{rel}","templated":true}]}}