
{"id":16421,"date":"2017-01-20T07:28:08","date_gmt":"2017-01-20T06:28:08","guid":{"rendered":"http:\/\/adamczewski.blog.polityka.pl\/?p=16421"},"modified":"2017-02-08T16:26:37","modified_gmt":"2017-02-08T15:26:37","slug":"przelewac-czy-nie-przelewac","status":"publish","type":"post","link":"https:\/\/blog.polityka.pl\/adamczewski\/2017\/01\/20\/przelewac-czy-nie-przelewac\/","title":{"rendered":"Przelewa\u0107 czy nie przelewa\u0107"},"content":{"rendered":"<p>Ludzie dziel\u0105 si\u0119 na tych, kt\u00f3rzy kiedy zostanie im resztka jakiego\u015b dania, przelewaj\u0105 j\u0105 do mniejszego naczynia, zanim schowaj\u0105 j\u0105 do lod\u00f3wki, i takich, kt\u00f3rzy wstawiaj\u0105 w du\u017cym garnku, nawet je\u015bli zosta\u0142o troch\u0119 na dnie. Mo\u017cna by s\u0105dzi\u0107, \u017ce to zale\u017cy od tego, jak du\u017c\u0105 maj\u0105 lod\u00f3wk\u0119 i jak wiele w niej zgromadzonych zapas\u00f3w, ale to wniosek zbyt prosty, \u017ceby nie powiedzie\u0107 prostacki.<br \/>\n<!--more--><br \/>\nPrzelewanie lub nieprzelewanie ma g\u0142\u0119bsze uwarunkowania. Jedni uwa\u017caj\u0105, \u017ce nie nale\u017cy zajmowa\u0107 miejsca w lod\u00f3wce, drudzy, \u017ce nie warto my\u0107 kolejnego garnka. Mo\u017cna powiedzie\u0107, \u017ce to kolejna kwestia dziel\u0105ca spo\u0142ecze\u0144stwo na dwie cz\u0119\u015bci, mi\u0119dzy kt\u00f3rymi porozumienie wydaje si\u0119 niemo\u017cliwe. Podobnie jak w kwestiach politycznych, najgorzej je\u015bli podzia\u0142 przebiega w poprzek rodzin. Tak jak u mojej kole\u017canki Mary\u015bki. M\u0105\u017c chowa w wielkich garach, ona przelewa.<\/p>\n<p>To w\u0142a\u015bnie Mary\u015bka poruszy\u0142a ten temat na mi\u0142ym damskim spotkaniu. Wydawa\u0142o mi si\u0119 wtedy, \u017ce kwestia jest b\u0142aha, ale o dziwo rozgorza\u0142a dyskusja i przedstawicielki obu opinii spiera\u0142y si\u0119 zaciekle. W naszym kr\u0119gu towarzyskim ten temat jest dzi\u015b synonimem b\u0142ahej sprawy, kt\u00f3ra potrafi podzieli\u0107 ludzi i wzbudzi\u0107 emocje. Bo w ko\u0144cu czy to nie wszystko jedno?<\/p>\n<p>Oczywi\u015bcie ja te\u017c mam swoje zdanie na ten temat, wed\u0142ug mnie zachowaniem w\u0142a\u015bciwszym jest przelewanie. Oczywi\u015bcie o ile nie powiedzie si\u0119 tzw. kra\u0144cowanie. Czyli nikt nie zje do ko\u0144ca. Ale na szcz\u0119\u015bcie w tej sprawie daleko mi do fanatyzmu. Nie dalej jak przed chwil\u0105 wstawi\u0142am do lod\u00f3wki wielki garnek z resztk\u0105 zupy. Z lenistwa.<\/p>\n","protected":false},"excerpt":{"rendered":"<p>Ludzie dziel\u0105 si\u0119 na tych, kt\u00f3rzy kiedy zostanie im resztka jakiego\u015b dania, przelewaj\u0105 j\u0105 do mniejszego naczynia, zanim schowaj\u0105 j\u0105 do lod\u00f3wki, i takich, kt\u00f3rzy wstawiaj\u0105 w du\u017cym garnku, nawet je\u015bli zosta\u0142o troch\u0119 na dnie. Mo\u017cna by s\u0105dzi\u0107, \u017ce to zale\u017cy od tego, jak du\u017c\u0105 maj\u0105 lod\u00f3wk\u0119 i jak wiele w niej zgromadzonych zapas\u00f3w, ale [&hellip;]<\/p>\n","protected":false},"author":38,"featured_media":0,"comment_status":"open","ping_status":"closed","sticky":false,"template":"","format":"standard","meta":{"footnotes":""},"categories":[1],"tags":[],"_links":{"self":[{"href":"https:\/\/blog.polityka.pl\/adamczewski\/wp-json\/wp\/v2\/posts\/16421"}],"collection":[{"href":"https:\/\/blog.polityka.pl\/adamczewski\/wp-json\/wp\/v2\/posts"}],"about":[{"href":"https:\/\/blog.polityka.pl\/adamczewski\/wp-json\/wp\/v2\/types\/post"}],"author":[{"embeddable":true,"href":"https:\/\/blog.polityka.pl\/adamczewski\/wp-json\/wp\/v2\/users\/38"}],"replies":[{"embeddable":true,"href":"https:\/\/blog.polityka.pl\/adamczewski\/wp-json\/wp\/v2\/comments?post=16421"}],"version-history":[{"count":4,"href":"https:\/\/blog.polityka.pl\/adamczewski\/wp-json\/wp\/v2\/posts\/16421\/revisions"}],"predecessor-version":[{"id":16469,"href":"https:\/\/blog.polityka.pl\/adamczewski\/wp-json\/wp\/v2\/posts\/16421\/revisions\/16469"}],"wp:attachment":[{"href":"https:\/\/blog.polityka.pl\/adamczewski\/wp-json\/wp\/v2\/media?parent=16421"}],"wp:term":[{"taxonomy":"category","embeddable":true,"href":"https:\/\/blog.polityka.pl\/adamczewski\/wp-json\/wp\/v2\/categories?post=16421"},{"taxonomy":"post_tag","embeddable":true,"href":"https:\/\/blog.polityka.pl\/adamczewski\/wp-json\/wp\/v2\/tags?post=16421"}],"curies":[{"name":"wp","href":"https:\/\/api.w.org\/{rel}","templated":true}]}}