
{"id":16435,"date":"2017-02-07T06:50:42","date_gmt":"2017-02-07T05:50:42","guid":{"rendered":"http:\/\/adamczewski.blog.polityka.pl\/?p=16435"},"modified":"2017-02-08T15:58:59","modified_gmt":"2017-02-08T14:58:59","slug":"lubie-gadzety","status":"publish","type":"post","link":"https:\/\/blog.polityka.pl\/adamczewski\/2017\/02\/07\/lubie-gadzety\/","title":{"rendered":"Lubi\u0119 gad\u017cety"},"content":{"rendered":"<p>Przyznaj\u0119 si\u0119 bez bicia: uwielbiam kuchenne gad\u017cety. Wszystkie te tareczki do ga\u0142ki muszkato\u0142owej, frymu\u015bne no\u017cyki do ci\u0119cia pask\u00f3w marchewki, wyciskacze do limonek, zupe\u0142nie r\u00f3\u017cne od tych do cytryn, czy przyrz\u0105dy do obierania szparag\u00f3w. I prosz\u0119 sobie wyobrazi\u0107, \u017ce wszystkich u\u017cywam, oczywi\u015bcie wtedy, kiedy mog\u0105 by\u0107 przydatne.<br \/>\n<!--more--><br \/>\nZaczyna mi si\u0119 jednak robi\u0107 ciasno w dw\u00f3ch du\u017cych szufladach przeznaczonych na te moje ulubione zabawki. Jaki\u015b czas temu zacz\u0119\u0142am si\u0119 im przygl\u0105da\u0107 i zadawa\u0107 sobie filozoficzne pytanie: czy naprawd\u0119 s\u0105 niezb\u0119dne?<a href=\"\/wp-content\/uploads\/2017\/02\/20170206_185701.jpg\"><img loading=\"lazy\" decoding=\"async\" src=\"\/wp-content\/uploads\/2017\/02\/20170206_185701-1024x576.jpg\" alt=\"20170206_185701\" width=\"620\" height=\"349\" class=\"alignnone size-large wp-image-16437\" srcset=\"\/adamczewski\/wp-content\/uploads\/2017\/02\/20170206_185701-1024x576.jpg 1024w, \/adamczewski\/wp-content\/uploads\/2017\/02\/20170206_185701-300x169.jpg 300w, \/adamczewski\/wp-content\/uploads\/2017\/02\/20170206_185701-768x432.jpg 768w\" sizes=\"(max-width: 620px) 100vw, 620px\" \/><\/a>Ostatnio humor poprawia mi przygl\u0105danie si\u0119 stoiskom w hipermarketach, gdzie znana firma niemiecka wystawia swoje gad\u017cety. Zachwycaj\u0105 mnie one pomys\u0142owo\u015bci\u0105. Jednak od d\u0142u\u017cszego czasu powstrzymuj\u0119 si\u0119 od ich kupienia. Bo przecie\u017c obra\u0107 szparagi mo\u017cna obieraczk\u0105 do ziemniak\u00f3w, wycisn\u0105\u0107 limonk\u0119 wyciskaczem do cytryn, a wycinanie paseczk\u00f3w marchwi nie jest zupe\u0142nie problemem, je\u015bli u\u017cyje si\u0119 obieraczki do warzyw.<\/p>\n<p>Mo\u017cna r\u00f3wnie\u017c z powodzeniem ugotowa\u0107 jajko na mi\u0119kko bez u\u017cycia zmieniaj\u0105cego kolor przyrz\u0105du do perfekcyjnego gotowania jaj. Zreszt\u0105 tak naprawd\u0119 to ga\u0142k\u0119 muszkato\u0142ow\u0105 najcz\u0119\u015bciej kupuje si\u0119 mielon\u0105, a je\u015bli nawet nie, to mo\u017cna j\u0105 te\u017c zetrze\u0107 na drobnej tarce.<\/p>\n<p>Pozostaje odpowiedzie\u0107 sobie na pytanie, co jest wa\u017cniejsze: moja przyjemno\u015b\u0107 czy porz\u0105dek w szufladzie. Nie jestem w stanie rozwi\u0105za\u0107 tego wielkiego problemu. Na razie dosta\u0142am od wnuczki przyrz\u0105d do nadziewania p\u0105czk\u00f3w konfitur\u0105 i sprawia mi przyjemno\u015b\u0107 \u015bwiadomo\u015b\u0107, \u017ce kiedy b\u0119d\u0119 robi\u0142a dla rodziny nadziewane r\u00f3\u017c\u0105 i wi\u015bniami p\u0105czki, u\u017cyj\u0119 tego wyrafinowanego sprz\u0119tu.<\/p>\n","protected":false},"excerpt":{"rendered":"<p>Przyznaj\u0119 si\u0119 bez bicia: uwielbiam kuchenne gad\u017cety. Wszystkie te tareczki do ga\u0142ki muszkato\u0142owej, frymu\u015bne no\u017cyki do ci\u0119cia pask\u00f3w marchewki, wyciskacze do limonek, zupe\u0142nie r\u00f3\u017cne od tych do cytryn, czy przyrz\u0105dy do obierania szparag\u00f3w. I prosz\u0119 sobie wyobrazi\u0107, \u017ce wszystkich u\u017cywam, oczywi\u015bcie wtedy, kiedy mog\u0105 by\u0107 przydatne.<\/p>\n","protected":false},"author":37,"featured_media":0,"comment_status":"open","ping_status":"closed","sticky":false,"template":"","format":"standard","meta":{"footnotes":""},"categories":[1],"tags":[],"_links":{"self":[{"href":"https:\/\/blog.polityka.pl\/adamczewski\/wp-json\/wp\/v2\/posts\/16435"}],"collection":[{"href":"https:\/\/blog.polityka.pl\/adamczewski\/wp-json\/wp\/v2\/posts"}],"about":[{"href":"https:\/\/blog.polityka.pl\/adamczewski\/wp-json\/wp\/v2\/types\/post"}],"author":[{"embeddable":true,"href":"https:\/\/blog.polityka.pl\/adamczewski\/wp-json\/wp\/v2\/users\/37"}],"replies":[{"embeddable":true,"href":"https:\/\/blog.polityka.pl\/adamczewski\/wp-json\/wp\/v2\/comments?post=16435"}],"version-history":[{"count":4,"href":"https:\/\/blog.polityka.pl\/adamczewski\/wp-json\/wp\/v2\/posts\/16435\/revisions"}],"predecessor-version":[{"id":16444,"href":"https:\/\/blog.polityka.pl\/adamczewski\/wp-json\/wp\/v2\/posts\/16435\/revisions\/16444"}],"wp:attachment":[{"href":"https:\/\/blog.polityka.pl\/adamczewski\/wp-json\/wp\/v2\/media?parent=16435"}],"wp:term":[{"taxonomy":"category","embeddable":true,"href":"https:\/\/blog.polityka.pl\/adamczewski\/wp-json\/wp\/v2\/categories?post=16435"},{"taxonomy":"post_tag","embeddable":true,"href":"https:\/\/blog.polityka.pl\/adamczewski\/wp-json\/wp\/v2\/tags?post=16435"}],"curies":[{"name":"wp","href":"https:\/\/api.w.org\/{rel}","templated":true}]}}