
{"id":1646,"date":"2010-04-12T08:00:30","date_gmt":"2010-04-12T06:00:30","guid":{"rendered":"http:\/\/adamczewski.blog.polityka.pl\/?p=1646"},"modified":"2010-04-08T15:37:07","modified_gmt":"2010-04-08T13:37:07","slug":"smak-wody","status":"publish","type":"post","link":"https:\/\/blog.polityka.pl\/adamczewski\/2010\/04\/12\/smak-wody\/","title":{"rendered":"Smak wody"},"content":{"rendered":"<p><a href=\"\/wp-content\/uploads\/2010\/04\/moja-wodap4080015.jpg\"><img loading=\"lazy\" decoding=\"async\" class=\"aligncenter size-medium wp-image-1647\" title=\"moja-wodap4080015\" src=\"\/wp-content\/uploads\/2010\/04\/moja-wodap4080015-300x225.jpg\" alt=\"\" width=\"300\" height=\"225\" srcset=\"\/adamczewski\/wp-content\/uploads\/2010\/04\/moja-wodap4080015-300x225.jpg 300w, \/adamczewski\/wp-content\/uploads\/2010\/04\/moja-wodap4080015.jpg 640w\" sizes=\"(max-width: 300px) 100vw, 300px\" \/><\/a><\/p>\n<p><em>Moja woda Fot. P.Ad.<\/em><\/p>\n<p>Polska odstaje od innych kraj\u00f3w europejskich zar\u00f3wno w produkcji jak i konsumpcji w\u00f3d mineralnych. A bez wody nie ma \u017cycia. I nie ma te\u017c dobrego ucztowania. Samym winem cz\u0142ek si\u0119 nie obejdzie. Tymczasem statystyki m\u00f3wi\u0105 co nast\u0119puje:<br \/>\nNajwi\u0119kszym producentem w Europie s\u0105 W\u0142ochy\u00a0&#8211; 198 litr\u00f3w na jednego mieszka\u0144ca. Kolejne miejsca zajmuj\u0105: Niemcy\u00a0&#8211; 155,9 l; Hiszpania\u00a0&#8211; 136,5 l; Francja\u00a0&#8211; 121,9 l; W\u0119gry\u00a0&#8211; 102,2 l; Austria\u00a0&#8211; 96,5 l; Rumunia\u00a0&#8211; 63,3 l; Polska &#8211;\u00a061,9 l.<\/p>\n<p>Podobnie przedstawia si\u0119 ranking spo\u017cycia. Statystyczny Polak wypija rocznie 70 litr\u00f3w wody, gdy Niemiec ponad dwa razy tyle.<\/p>\n<p>Znalaz\u0142em te\u017c dane Instytut Canadean, kt\u00f3ry informuje, \u017ce \u015brednie spo\u017cycie wody w ca\u0142ej Unii Europejskiej (przed dwoma laty) wynosi\u0142o 108,34 litra na osob\u0119.\u00a0 A my? Jak wy\u017cej.<\/p>\n<p>Jedynym pocieszeniem jest fakt, ze w roku 1993 wypijali\u015bmy zaledwie 15 litr\u00f3w. To przy dzisiejszych 70 jest rzeczywi\u015bcie kropla. Euromonitor za\u015b prognozuje, \u017ce w najbli\u017cszych latach liczba ta wzro\u015bnie lawinowo. B\u0119d\u0105 bowiem upalne lata, kt\u00f3re automatycznie zwi\u0119kszaj\u0105 spo\u017cycie wszelkich napoj\u00f3w, w tym g\u0142\u00f3wnie w\u00f3d mineralnych. A rynek w\u00f3d to wielkie pieni\u0105dze. W 2007 roku wydali\u015bmy na wody 2 756,3 mln z\u0142otych. Prognozy przewiduj\u0105, i\u017c w roku bie\u017c\u0105cym wydamy na ten cel 3557,1 mln z\u0142 a rok p\u00f3\u017aniej 3732,9 mln z\u0142.<\/p>\n<p>Najwi\u0119kszymi producentami na polskim rynku s\u0105 \u017bywiec Zdr\u00f3j (niemal 11 proc. rynku), Cisowianka (8,13 proc.), Na\u0142\u0119czowianka (5 proc.), Kropla Beskidu (4,39 proc.) i \u017bywiec Zdr\u00f3j Niebieska (4,39 proc.). Reszt\u0119 czyli ponad 67 proc. rynku zape\u0142niaj\u0105 wszystkie inne firmy. W tym tak\u017ce producenci zagraniczni.<\/p>\n<p>Zwa\u017cywszy, \u017ce Rada Promocji Zdrowego \u017bywienia zaleca wypijanie dziennie ok. 1,5 litra wody mineralnej producenci, importerzy i sprzedawcy w\u00f3d maj\u0105 jeszcze pole do popisu. A raczej miejsce do zalania nas wod\u0105 z b\u0105belkami i bez.<\/p>\n<p>\u00a0<\/p>\n","protected":false},"excerpt":{"rendered":"<p>Moja woda Fot. P.Ad. Polska odstaje od innych kraj\u00f3w europejskich zar\u00f3wno w produkcji jak i konsumpcji w\u00f3d mineralnych. A bez wody nie ma \u017cycia. I nie ma te\u017c dobrego ucztowania. Samym winem cz\u0142ek si\u0119 nie obejdzie. Tymczasem statystyki m\u00f3wi\u0105 co nast\u0119puje: Najwi\u0119kszym producentem w Europie s\u0105 W\u0142ochy\u00a0&#8211; 198 litr\u00f3w na jednego mieszka\u0144ca. Kolejne miejsca zajmuj\u0105: [&hellip;]<\/p>\n","protected":false},"author":2,"featured_media":0,"comment_status":"open","ping_status":"open","sticky":false,"template":"","format":"standard","meta":{"footnotes":""},"categories":[1],"tags":[],"_links":{"self":[{"href":"https:\/\/blog.polityka.pl\/adamczewski\/wp-json\/wp\/v2\/posts\/1646"}],"collection":[{"href":"https:\/\/blog.polityka.pl\/adamczewski\/wp-json\/wp\/v2\/posts"}],"about":[{"href":"https:\/\/blog.polityka.pl\/adamczewski\/wp-json\/wp\/v2\/types\/post"}],"author":[{"embeddable":true,"href":"https:\/\/blog.polityka.pl\/adamczewski\/wp-json\/wp\/v2\/users\/2"}],"replies":[{"embeddable":true,"href":"https:\/\/blog.polityka.pl\/adamczewski\/wp-json\/wp\/v2\/comments?post=1646"}],"version-history":[{"count":0,"href":"https:\/\/blog.polityka.pl\/adamczewski\/wp-json\/wp\/v2\/posts\/1646\/revisions"}],"wp:attachment":[{"href":"https:\/\/blog.polityka.pl\/adamczewski\/wp-json\/wp\/v2\/media?parent=1646"}],"wp:term":[{"taxonomy":"category","embeddable":true,"href":"https:\/\/blog.polityka.pl\/adamczewski\/wp-json\/wp\/v2\/categories?post=1646"},{"taxonomy":"post_tag","embeddable":true,"href":"https:\/\/blog.polityka.pl\/adamczewski\/wp-json\/wp\/v2\/tags?post=1646"}],"curies":[{"name":"wp","href":"https:\/\/api.w.org\/{rel}","templated":true}]}}