
{"id":16488,"date":"2017-02-21T07:12:37","date_gmt":"2017-02-21T06:12:37","guid":{"rendered":"http:\/\/adamczewski.blog.polityka.pl\/?p=16488"},"modified":"2017-02-23T14:43:50","modified_gmt":"2017-02-23T13:43:50","slug":"galopujaca-moda","status":"publish","type":"post","link":"https:\/\/blog.polityka.pl\/adamczewski\/2017\/02\/21\/galopujaca-moda\/","title":{"rendered":"Galopuj\u0105ca moda"},"content":{"rendered":"<p>Moda rozprzestrzenia si\u0119 niezwykle szybko. Od pewnego czasu nawet na uliczkach najmniejszego miasteczka w odleg\u0142ej cz\u0119\u015bci Polski spotyka si\u0119 dziewczyny ubrane w modne ciuchy, z modnymi torebkami, w modnych butach. Mo\u017cna powiedzie\u0107, \u017ce moda zb\u0142\u0105dzi\u0142a pod wszystkie dachy.<br \/>\n<!--more--><br \/>\nAle przecie\u017c nie tylko moda dotycz\u0105ca stroj\u00f3w, ale r\u00f3wnie\u017c na jedzenie. Wielk\u0105 rol\u0119 wedle mojej oceny odegra\u0142y sieciowe sklepy, kt\u00f3re nie\u015bwiadome naszych dotychczasowych zwyczaj\u00f3w wprowadzi\u0142y do sprzeda\u017cy liczne sa\u0142aty, warzywa, niskot\u0142uszczowe mleko, liczne produkty dietetyczne. I sta\u0142 si\u0119 cud, bo po kilkunastu latach zakupy znacznie si\u0119 zmieni\u0142y.<\/p>\n<p>Od pewnego czasu, kiedy stoj\u0119 i nudz\u0119 si\u0119 przy kasie w supermarkecie, obserwuj\u0119, co kupuj\u0105 inni. Nawet najstarsi klienci, teoretycznie najbardziej zachowawczy, kupuj\u0105 takie modne towary jak nasiona chia, quinoa, kuskus czy r\u00f3\u017cne p\u0142atki, chleby bez m\u0105ki czy wegetaria\u0144skie kotleciki lub pasztety. W ko\u0144cu: dlaczego nie? Sama pami\u0119tam r\u00f3\u017cne mody: a to na jedzenie mas\u0142a, a to na niejedzenie mas\u0142a, na jedzenie pomidor\u00f3w albo na niejedzenie pomidor\u00f3w. Za ka\u017cd\u0105 dot\u0105d mod\u0105 sta\u0142y czyje\u015b interesy. A za jedzeniem du\u017cej ilo\u015bci warzyw, sa\u0142at, p\u0142atk\u00f3w z pe\u0142nego ziarna, egzotycznych ziarenek przemawia nie tylko czyj\u015b interes, ale tak\u017ce, podobno, nasze zdrowie.<\/p>\n<p>Na wszelki wypadek dzi\u015b wieczorem zjem sa\u0142atk\u0119 z quino\u0105. A jutro gotowan\u0105 ze \u015bliwkami jaglan\u0105, co by\u0142o zmor\u0105 postnych dni z mojego dzieci\u0144stwa. Sprawdz\u0119, mo\u017ce zmieni\u0142 mi si\u0119 gust. A co tam!<\/p>\n","protected":false},"excerpt":{"rendered":"<p>Moda rozprzestrzenia si\u0119 niezwykle szybko. Od pewnego czasu nawet na uliczkach najmniejszego miasteczka w odleg\u0142ej cz\u0119\u015bci Polski spotyka si\u0119 dziewczyny ubrane w modne ciuchy, z modnymi torebkami, w modnych butach. Mo\u017cna powiedzie\u0107, \u017ce moda zb\u0142\u0105dzi\u0142a pod wszystkie dachy.<\/p>\n","protected":false},"author":37,"featured_media":0,"comment_status":"open","ping_status":"closed","sticky":false,"template":"","format":"standard","meta":{"footnotes":""},"categories":[1],"tags":[],"_links":{"self":[{"href":"https:\/\/blog.polityka.pl\/adamczewski\/wp-json\/wp\/v2\/posts\/16488"}],"collection":[{"href":"https:\/\/blog.polityka.pl\/adamczewski\/wp-json\/wp\/v2\/posts"}],"about":[{"href":"https:\/\/blog.polityka.pl\/adamczewski\/wp-json\/wp\/v2\/types\/post"}],"author":[{"embeddable":true,"href":"https:\/\/blog.polityka.pl\/adamczewski\/wp-json\/wp\/v2\/users\/37"}],"replies":[{"embeddable":true,"href":"https:\/\/blog.polityka.pl\/adamczewski\/wp-json\/wp\/v2\/comments?post=16488"}],"version-history":[{"count":3,"href":"https:\/\/blog.polityka.pl\/adamczewski\/wp-json\/wp\/v2\/posts\/16488\/revisions"}],"predecessor-version":[{"id":16491,"href":"https:\/\/blog.polityka.pl\/adamczewski\/wp-json\/wp\/v2\/posts\/16488\/revisions\/16491"}],"wp:attachment":[{"href":"https:\/\/blog.polityka.pl\/adamczewski\/wp-json\/wp\/v2\/media?parent=16488"}],"wp:term":[{"taxonomy":"category","embeddable":true,"href":"https:\/\/blog.polityka.pl\/adamczewski\/wp-json\/wp\/v2\/categories?post=16488"},{"taxonomy":"post_tag","embeddable":true,"href":"https:\/\/blog.polityka.pl\/adamczewski\/wp-json\/wp\/v2\/tags?post=16488"}],"curies":[{"name":"wp","href":"https:\/\/api.w.org\/{rel}","templated":true}]}}