
{"id":1650,"date":"2010-04-14T08:00:44","date_gmt":"2010-04-14T06:00:44","guid":{"rendered":"http:\/\/adamczewski.blog.polityka.pl\/?p=1650"},"modified":"2010-04-08T15:20:32","modified_gmt":"2010-04-08T13:20:32","slug":"zgadnij-co-gotujemy-32-b","status":"publish","type":"post","link":"https:\/\/blog.polityka.pl\/adamczewski\/2010\/04\/14\/zgadnij-co-gotujemy-32-b\/","title":{"rendered":"Zgadnij co gotujemy? (32 B)"},"content":{"rendered":"<p><a href=\"\/wp-content\/uploads\/2010\/04\/przewodnik_okladka_copy-400kb.jpg\"><img loading=\"lazy\" decoding=\"async\" class=\"aligncenter size-medium wp-image-1651\" title=\"przewodnik_okladka_copy-400kb\" src=\"\/wp-content\/uploads\/2010\/04\/przewodnik_okladka_copy-400kb-218x300.jpg\" alt=\"\" width=\"218\" height=\"300\" srcset=\"\/adamczewski\/wp-content\/uploads\/2010\/04\/przewodnik_okladka_copy-400kb-218x300.jpg 218w, \/adamczewski\/wp-content\/uploads\/2010\/04\/przewodnik_okladka_copy-400kb.jpg 350w\" sizes=\"(max-width: 218px) 100vw, 218px\" \/><\/a><\/p>\n<p>Tym razem nagrod\u0105\u00a0 b\u0119dzie ksi\u0105\u017cka kryminalna wydana przez &#8222;Polityk\u0119&#8221; i &#8222;Przewodnik&#8221; po naszym kraju\u00a0&#8211; tak\u017ce wydany przez redakcj\u0119. Nie wszyscy zawodnicy maj\u0105 te wydawnictwa, a warto je mie\u0107. Dla rozrywki i na wakacyjne podr\u00f3\u017ce.\u00a0 Do roboty wi\u0119c!<\/p>\n<p>1\u00a0&#8211; W jakim regionie naszego kraju powsta\u0142y i zarejestrowano je jako produkt regionalny cebularze?<\/p>\n<p>2\u00a0&#8211; Dzi\u0119ki Restauracji Carskiej uratowano zabytkowy, drewniany budynek; gdzie ona jest i czym by\u0142 ten dom?<\/p>\n<p>3\u00a0&#8211; Do jakiej restauracji wje\u017cd\u017ca\u0142 ( w legendzie) konno p\u0142k. Boles\u0142aw Wieniawa-D\u0142ugoszowski?<\/p>\n<p>I teraz p\u0119dem do komputera. Oto adres: <a href=\"mailto:internet@polityka.com.pl\">internet@polityka.com.pl<\/a><br \/>\nKto pierwszy przy\u015ble prawid\u0142owe trzy odpowiedzi ten otrzyma zapowiadana nagrod\u0119.<\/p>\n<p>\u00a0<\/p>\n<p>\u00a0<\/p>\n<p>\u00a0<\/p>\n","protected":false},"excerpt":{"rendered":"<p>Tym razem nagrod\u0105\u00a0 b\u0119dzie ksi\u0105\u017cka kryminalna wydana przez &#8222;Polityk\u0119&#8221; i &#8222;Przewodnik&#8221; po naszym kraju\u00a0&#8211; tak\u017ce wydany przez redakcj\u0119. Nie wszyscy zawodnicy maj\u0105 te wydawnictwa, a warto je mie\u0107. Dla rozrywki i na wakacyjne podr\u00f3\u017ce.\u00a0 Do roboty wi\u0119c! 1\u00a0&#8211; W jakim regionie naszego kraju powsta\u0142y i zarejestrowano je jako produkt regionalny cebularze? 2\u00a0&#8211; Dzi\u0119ki Restauracji Carskiej [&hellip;]<\/p>\n","protected":false},"author":2,"featured_media":0,"comment_status":"open","ping_status":"open","sticky":false,"template":"","format":"standard","meta":{"footnotes":""},"categories":[1],"tags":[],"_links":{"self":[{"href":"https:\/\/blog.polityka.pl\/adamczewski\/wp-json\/wp\/v2\/posts\/1650"}],"collection":[{"href":"https:\/\/blog.polityka.pl\/adamczewski\/wp-json\/wp\/v2\/posts"}],"about":[{"href":"https:\/\/blog.polityka.pl\/adamczewski\/wp-json\/wp\/v2\/types\/post"}],"author":[{"embeddable":true,"href":"https:\/\/blog.polityka.pl\/adamczewski\/wp-json\/wp\/v2\/users\/2"}],"replies":[{"embeddable":true,"href":"https:\/\/blog.polityka.pl\/adamczewski\/wp-json\/wp\/v2\/comments?post=1650"}],"version-history":[{"count":0,"href":"https:\/\/blog.polityka.pl\/adamczewski\/wp-json\/wp\/v2\/posts\/1650\/revisions"}],"wp:attachment":[{"href":"https:\/\/blog.polityka.pl\/adamczewski\/wp-json\/wp\/v2\/media?parent=1650"}],"wp:term":[{"taxonomy":"category","embeddable":true,"href":"https:\/\/blog.polityka.pl\/adamczewski\/wp-json\/wp\/v2\/categories?post=1650"},{"taxonomy":"post_tag","embeddable":true,"href":"https:\/\/blog.polityka.pl\/adamczewski\/wp-json\/wp\/v2\/tags?post=1650"}],"curies":[{"name":"wp","href":"https:\/\/api.w.org\/{rel}","templated":true}]}}