
{"id":16530,"date":"2017-03-28T06:47:35","date_gmt":"2017-03-28T04:47:35","guid":{"rendered":"http:\/\/adamczewski.blog.polityka.pl\/?p=16530"},"modified":"2017-03-24T18:49:03","modified_gmt":"2017-03-24T17:49:03","slug":"senior-nie-zje-burgera","status":"publish","type":"post","link":"https:\/\/blog.polityka.pl\/adamczewski\/2017\/03\/28\/senior-nie-zje-burgera\/","title":{"rendered":"Senior nie zje burgera"},"content":{"rendered":"<ul>\n<li>\n<p class=\"western\"><span style=\"font-family: Arial,sans-serif;\"><span style=\"font-size: large;\">Czy widzieli\u015bcie kiedy\u015b starsz\u0105 osob\u0119 kupuj\u0105c\u0105 danie w foodtrucku? Ja nigdy. Sama te\u017c zreszt\u0105 nie korzystam z uproszczonej formy <\/span><\/span><span style=\"font-family: Arial,sans-serif;\"><span style=\"font-size: large;\">posi\u0142k\u00f3w<\/span><\/span><span style=\"font-family: Arial,sans-serif;\"><span style=\"font-size: large;\">, bo dla mnie jedzenie jest celebracj\u0105, cho\u0107by nawet prostej potrawy. <\/span><\/span><\/p>\n<p class=\"western\"><span style=\"font-family: Arial,sans-serif;\"><span style=\"font-size: large;\">Rozjecha\u0142y si\u0119 kulinarne gusty starszego i m\u0142odszego pokolenia. Mo\u017ce to wina nas starszych, mo\u017ce spotkania przy stole nie s\u0105 do\u015b\u0107 atrakcyjne, zar\u00f3wno <\/span><\/span><span style=\"font-family: Arial,sans-serif;\"><span style=\"font-size: large;\">je\u015bli chodzi o <\/span><\/span><span style=\"font-family: Arial,sans-serif;\"><span style=\"font-size: large;\">rozmowy, jak i menu. Mo\u017ce dlatego m\u0142odzi jadaj\u0105 inaczej, a przepa\u015b\u0107 mi\u0119dzypokoleniowa si\u0119 poszerza. <\/span><\/span><\/p>\n<p class=\"western\"><span style=\"font-family: Arial,sans-serif;\"><span style=\"font-size: large;\">Nied\u0142ugo Wielkanoc. Warto przygotowa\u0107 na wsp\u00f3lny rodzinny st\u00f3\u0142 co\u015b zupe\u0142nie nowego, ciekawego dla m\u0142odszego pokolenia, tak, aby im szcz\u0119ki opad\u0142y i aby szybko zmietli z p\u00f3\u0142miska. Nie jestem sk\u0142onna dawa\u0107 Wam rad, ale opowiem (kr\u00f3tko!) o swojej ostatniej przygodzie w zbo\u017cnym dziele szukania nowo\u015bci, aby zaskoczy\u0107 m\u0142od\u0105 cz\u0119\u015b\u0107 rodziny. <\/span><\/span><\/p>\n<p class=\"western\"><span style=\"font-family: Arial,sans-serif;\"><span style=\"font-size: large;\">Po pierwsze ponowi\u0119 swoje wyznanie, \u017ce jestem gad\u017ceciar\u0105, <\/span><\/span><span style=\"font-family: Arial,sans-serif;\"><span style=\"font-size: large;\">dlatego<\/span><\/span><span style=\"font-family: Arial,sans-serif;\"><span style=\"font-size: large;\"> bardziej ni\u017c nowy ciuch cieszy mnie sprytne urz\u0105dzenie <\/span><\/span><span style=\"font-family: Arial,sans-serif;\"><span style=\"font-size: large;\">kuchenne<\/span><\/span><span style=\"font-family: Arial,sans-serif;\"><span style=\"font-size: large;\">. Ostatnio w ramach szukania wystrza\u0142owych nowo\u015bci wyprawi\u0142am si\u0119 na poszukania pewnego <\/span><\/span><span style=\"font-family: Arial,sans-serif;\"><span style=\"font-size: large;\">sprzetu<\/span><\/span><span style=\"font-family: Arial,sans-serif;\"><span style=\"font-size: large;\">, uzna\u0142am bowiem, \u017ce na tle wielkanocnych mi\u0119s, cukiniowe spaghetti prezentowa\u0107 si\u0119 b\u0119dzie dobrze i zaskakuj\u0105co. Oczywi\u015bcie, poniewa\u017c ta moda ju\u017c w Polsce jest, mamy du\u017cy wyb\u00f3r <\/span><\/span><span style=\"font-family: Arial,sans-serif;\"><span style=\"font-size: large;\">przybor\u00f3w<\/span><\/span><span style=\"font-family: Arial,sans-serif;\"><span style=\"font-size: large;\"> do krojenia warzyw w d\u0142uuuugie, cienkie paski julienne. Kroi\u0107 mo\u017cna nimi cukinie, j\u0119drne og\u00f3rki, marchew, papryki, rzodkiew daikon i co tam jeszcze komu\u015b przyjdzie na my\u015bl. Ceny urz\u0105dze\u0144, kt\u00f3re nosz\u0105 r\u00f3\u017cne nazwy mog\u0105 to by\u0107 temper\u00f3wki do warzyw lub spiralizery, wahaj\u0105 si\u0119 w zale\u017cno\u015bci od stopnia skomplikowania lub staranno\u015bci designu. Mo\u017cemy je kupi\u0107 za 15 z\u0142otych albo za z g\u00f3r\u0105 1000.<\/span><\/span><\/p>\n<p class=\"western\"><span style=\"font-family: Arial,sans-serif;\"><span style=\"font-size: large;\">Nie przyznam si\u0119 za ile <\/span><\/span><span style=\"font-family: Arial,sans-serif;\"><span style=\"font-size: large;\">ja <\/span><\/span><span style=\"font-family: Arial,sans-serif;\"><span style=\"font-size: large;\">kupi\u0142am (z ni\u017cszej strefy cenowej), bo moje urz\u0105dzenie nie okaza\u0142o si<\/span><\/span><span style=\"font-family: Arial,sans-serif;\"><span style=\"font-size: large;\">\u0119<\/span><\/span><span style=\"font-family: Arial,sans-serif;\"><span style=\"font-size: large;\"> doskona\u0142e, znacznie lepiej sprawdza si\u0119 star<\/span><\/span><span style=\"font-family: Arial,sans-serif;\"><span style=\"font-size: large;\">y przyrz\u0105d<\/span><\/span><span style=\"font-family: Arial,sans-serif;\"><span style=\"font-size: large;\"> do julienne, kt\u00f3r<\/span><\/span><span style=\"font-family: Arial,sans-serif;\"><span style=\"font-size: large;\">y<\/span><\/span><span style=\"font-family: Arial,sans-serif;\"><span style=\"font-size: large;\"> kupi\u0142am za 8 z\u0142otych w wiejskim sklepie. A jednak my\u015bl\u0119 z \u0142akomstwem, aby kupi\u0107 sobie wypasiony spiralizer, kt\u00f3ry <\/span><\/span><span style=\"font-family: Arial,sans-serif;\"><span style=\"font-size: large;\">jak sama nazwa wskazuje,<\/span><\/span><span style=\"font-family: Arial,sans-serif;\"><span style=\"font-size: large;\"> spiralnie wycina<\/span><\/span><span style=\"font-family: Arial,sans-serif;\"><span style=\"font-size: large;\"> na przyk\u0142ad z cukinii<\/span><\/span><span style=\"font-family: Arial,sans-serif;\"><span style=\"font-size: large;\"> naprawd\u0119 d\u0142ugie spaghetti. <\/span><\/span><span style=\"font-family: Arial,sans-serif;\"><span style=\"font-size: large;\">P<\/span><\/span><span style=\"font-family: Arial,sans-serif;\"><span style=\"font-size: large;\">rzygotuj\u0119 pomidory zmiksowane ze \u015bladem czosnku i listkami bazylii i polej\u0119 cukini\u0119 tak<\/span><\/span><span style=\"font-family: Arial,sans-serif;\"><span style=\"font-size: large;\">i<\/span><\/span><span style=\"font-family: Arial,sans-serif;\"><span style=\"font-size: large;\">m sosem. Takie spaghetti podane na wielkanocny st\u00f3\u0142 jako warzywny dodatek powin<\/span><\/span><span style=\"font-family: Arial,sans-serif;\"><span style=\"font-size: large;\">no<\/span><\/span><span style=\"font-family: Arial,sans-serif;\"><span style=\"font-size: large;\"> si\u0119 spodoba\u0107. <\/span><\/span><\/p>\n<\/li>\n<\/ul>\n","protected":false},"excerpt":{"rendered":"<p>Czy widzieli\u015bcie kiedy\u015b starsz\u0105 osob\u0119 kupuj\u0105c\u0105 danie w foodtrucku? Ja nigdy. Sama te\u017c zreszt\u0105 nie korzystam z uproszczonej formy posi\u0142k\u00f3w, bo dla mnie jedzenie jest celebracj\u0105, cho\u0107by nawet prostej potrawy. Rozjecha\u0142y si\u0119 kulinarne gusty starszego i m\u0142odszego pokolenia. Mo\u017ce to wina nas starszych, mo\u017ce spotkania przy stole nie s\u0105 do\u015b\u0107 atrakcyjne, zar\u00f3wno je\u015bli chodzi o [&hellip;]<\/p>\n","protected":false},"author":37,"featured_media":0,"comment_status":"open","ping_status":"closed","sticky":false,"template":"","format":"standard","meta":{"footnotes":""},"categories":[1],"tags":[],"_links":{"self":[{"href":"https:\/\/blog.polityka.pl\/adamczewski\/wp-json\/wp\/v2\/posts\/16530"}],"collection":[{"href":"https:\/\/blog.polityka.pl\/adamczewski\/wp-json\/wp\/v2\/posts"}],"about":[{"href":"https:\/\/blog.polityka.pl\/adamczewski\/wp-json\/wp\/v2\/types\/post"}],"author":[{"embeddable":true,"href":"https:\/\/blog.polityka.pl\/adamczewski\/wp-json\/wp\/v2\/users\/37"}],"replies":[{"embeddable":true,"href":"https:\/\/blog.polityka.pl\/adamczewski\/wp-json\/wp\/v2\/comments?post=16530"}],"version-history":[{"count":2,"href":"https:\/\/blog.polityka.pl\/adamczewski\/wp-json\/wp\/v2\/posts\/16530\/revisions"}],"predecessor-version":[{"id":16532,"href":"https:\/\/blog.polityka.pl\/adamczewski\/wp-json\/wp\/v2\/posts\/16530\/revisions\/16532"}],"wp:attachment":[{"href":"https:\/\/blog.polityka.pl\/adamczewski\/wp-json\/wp\/v2\/media?parent=16530"}],"wp:term":[{"taxonomy":"category","embeddable":true,"href":"https:\/\/blog.polityka.pl\/adamczewski\/wp-json\/wp\/v2\/categories?post=16530"},{"taxonomy":"post_tag","embeddable":true,"href":"https:\/\/blog.polityka.pl\/adamczewski\/wp-json\/wp\/v2\/tags?post=16530"}],"curies":[{"name":"wp","href":"https:\/\/api.w.org\/{rel}","templated":true}]}}