
{"id":16534,"date":"2017-03-31T07:35:17","date_gmt":"2017-03-31T05:35:17","guid":{"rendered":"http:\/\/adamczewski.blog.polityka.pl\/?p=16534"},"modified":"2017-03-30T08:36:28","modified_gmt":"2017-03-30T06:36:28","slug":"16534","status":"publish","type":"post","link":"https:\/\/blog.polityka.pl\/adamczewski\/2017\/03\/31\/16534\/","title":{"rendered":"Mangiare bene"},"content":{"rendered":"<p>Marcowe narty w rejonie Trentino we W\u0142oszech w ostatnim tygodniu sezonu narciarskiego to niezwyk\u0142a okazja, \u017ceby za niewielkie pieni\u0105dze sp\u0119dzi\u0107 czas w pi\u0119knym kraju, popr\u00f3bowa\u0107 pysznej kuchni, powygrzewa\u0107 si\u0119 na s\u0142o\u0144cu. Absolutnie nie nale\u017cy wtedy wykupowa\u0107 miejsc w hotelu, kt\u00f3ry zapewnia pe\u0142ne wy\u017cywienie. S\u0105 dwie o wiele lepsze propozycje.<\/p>\n<p>Je\u015bli mamy apartament z kuchni\u0105 mo\u017cemy uda\u0107 si\u0119 do supermarketu, kupi\u0107 pyszne lokalne produkty \u2013 \u015bwie\u017cy makaron, sos pesto, ser oraz wino i niewielkim wysi\u0142kiem przygotowa\u0107 wspania\u0142y posi\u0142ek.<\/p>\n<p>Drugie wyj\u015bcie, nieco dro\u017csze, to poznawanie lokalnych knajpek. Jeste\u015bmy w rejonie male\u0144kich miasteczek i wsi, ale restauracji nam nie zabraknie. We W\u0142oszech jedzenie poza domem to nie wyj\u0105tkowy luksus, to zwyczajny spos\u00f3b sp\u0119dzania czasu. Wi\u0119c i knajpek musi by\u0107 du\u017co. \u017beby wiedzie\u0107, do kt\u00f3rej warto p\u00f3j\u015b\u0107, najlepiej zasi\u0119gn\u0105\u0107 j\u0119zyka. Mo\u017cna pyta\u0107 turyst\u00f3w, ale nie wiadomo czy wtedy nie trafi si\u0119 do restauracji turystycznej. Lepiej wi\u0119c zapyta\u0107 lokalnych mieszka\u0144c\u00f3w. Temat jedzenia jest jednym z ulubionych temat\u00f3w rozm\u00f3w W\u0142och\u00f3w, wi\u0119c na pewno z przyjemno\u015bci\u0105 odpowiedz\u0105.<\/p>\n<p>W ten spos\u00f3b trafili\u015bmy wczoraj do restauracji Vecchia Canonica w Mal<span style=\"font-family: Liberation Serif,serif;\">\u00e9<\/span>. Z tym \u017ce poradzili nam j\u0105 lokalni Polacy a nie W\u0142osi. Stary budynek do kt\u00f3rego dobudowano werand\u0119 z drewna i szk\u0142a, dzi\u0119ki czemu siedz\u0105c przy stole jest si\u0119 dos\u0142ownie otoczonym przez pi\u0119kne g\u00f3ry. Pyszne lokalne jedzenie. Aromatyczne lokalne wino. Narciarstwo ma jednak wielki urok.<\/p>\n<p>A gdyby kto\u015b si\u0119 martwi\u0142, \u017ce sezon si\u0119 ko\u0144czy i b\u0119dzie musia\u0142 czeka\u0107 9 miesi\u0119cy na przyjazd do tego pi\u0119knego regionu, to spiesz\u0119 donie\u015b\u0107, \u017ce wed\u0142ug danych miejscowych organizacji turystycznych to w\u0142a\u015bnie latem jest tu wi\u0119cej atrakcji. Ludzie przyje\u017cdzaj\u0105 tu, \u017ceby uprawia\u0107 rafting, jezdzi\u0107 na rowerach g\u00f3rskich, lata\u0107 na paralotniach, w\u0119drowa\u0107 po strumieniach we wn\u0119trzach jaski\u0144 (canyoning).<\/p>\n<p>Brzmi to mo\u017ce wszystko troch\u0119 jak reklama, ale trudno mi pisa\u0107 o tym regionie inaczej, ni\u017c w samych superlatywach.<\/p>\n","protected":false},"excerpt":{"rendered":"<p>Marcowe narty w rejonie Trentino we W\u0142oszech w ostatnim tygodniu sezonu narciarskiego to niezwyk\u0142a okazja, \u017ceby za niewielkie pieni\u0105dze sp\u0119dzi\u0107 czas w pi\u0119knym kraju, popr\u00f3bowa\u0107 pysznej kuchni, powygrzewa\u0107 si\u0119 na s\u0142o\u0144cu. Absolutnie nie nale\u017cy wtedy wykupowa\u0107 miejsc w hotelu, kt\u00f3ry zapewnia pe\u0142ne wy\u017cywienie. S\u0105 dwie o wiele lepsze propozycje. Je\u015bli mamy apartament z kuchni\u0105 mo\u017cemy [&hellip;]<\/p>\n","protected":false},"author":37,"featured_media":0,"comment_status":"open","ping_status":"closed","sticky":false,"template":"","format":"standard","meta":{"footnotes":""},"categories":[1],"tags":[],"_links":{"self":[{"href":"https:\/\/blog.polityka.pl\/adamczewski\/wp-json\/wp\/v2\/posts\/16534"}],"collection":[{"href":"https:\/\/blog.polityka.pl\/adamczewski\/wp-json\/wp\/v2\/posts"}],"about":[{"href":"https:\/\/blog.polityka.pl\/adamczewski\/wp-json\/wp\/v2\/types\/post"}],"author":[{"embeddable":true,"href":"https:\/\/blog.polityka.pl\/adamczewski\/wp-json\/wp\/v2\/users\/37"}],"replies":[{"embeddable":true,"href":"https:\/\/blog.polityka.pl\/adamczewski\/wp-json\/wp\/v2\/comments?post=16534"}],"version-history":[{"count":2,"href":"https:\/\/blog.polityka.pl\/adamczewski\/wp-json\/wp\/v2\/posts\/16534\/revisions"}],"predecessor-version":[{"id":16536,"href":"https:\/\/blog.polityka.pl\/adamczewski\/wp-json\/wp\/v2\/posts\/16534\/revisions\/16536"}],"wp:attachment":[{"href":"https:\/\/blog.polityka.pl\/adamczewski\/wp-json\/wp\/v2\/media?parent=16534"}],"wp:term":[{"taxonomy":"category","embeddable":true,"href":"https:\/\/blog.polityka.pl\/adamczewski\/wp-json\/wp\/v2\/categories?post=16534"},{"taxonomy":"post_tag","embeddable":true,"href":"https:\/\/blog.polityka.pl\/adamczewski\/wp-json\/wp\/v2\/tags?post=16534"}],"curies":[{"name":"wp","href":"https:\/\/api.w.org\/{rel}","templated":true}]}}