
{"id":1659,"date":"2010-04-21T08:00:45","date_gmt":"2010-04-21T06:00:45","guid":{"rendered":"http:\/\/adamczewski.blog.polityka.pl\/?p=1659"},"modified":"2010-04-15T15:54:46","modified_gmt":"2010-04-15T13:54:46","slug":"1659","status":"publish","type":"post","link":"https:\/\/blog.polityka.pl\/adamczewski\/2010\/04\/21\/1659\/","title":{"rendered":"Zgadnij co gotujemy? (33 B)"},"content":{"rendered":"<p class=\"MsoNormal\" style=\"line-height: 200%; margin: 0cm 0cm 0pt;\"><strong style=\"mso-bidi-font-weight: normal;\"><\/strong><\/p>\n<p class=\"MsoNormal\" style=\"line-height: 200%; margin: 0cm 0cm 0pt;\"><span style=\"font-family: \"><span style=\"font-size: small;\"><a href=\"\/wp-content\/uploads\/2010\/04\/lew-t-p4150001.jpg\"><img loading=\"lazy\" decoding=\"async\" class=\"aligncenter size-medium wp-image-1660\" title=\"lew-t-p4150001\" src=\"\/wp-content\/uploads\/2010\/04\/lew-t-p4150001-225x300.jpg\" alt=\"\" width=\"225\" height=\"300\" srcset=\"\/adamczewski\/wp-content\/uploads\/2010\/04\/lew-t-p4150001-225x300.jpg 225w, \/adamczewski\/wp-content\/uploads\/2010\/04\/lew-t-p4150001.jpg 360w\" sizes=\"(max-width: 225px) 100vw, 225px\" \/><\/a><\/span><\/span><\/p>\n<p class=\"MsoNormal\" style=\"line-height: 200%; margin: 0cm 0cm 0pt;\"><span style=\"font-family: \"><span style=\"font-size: small;\">Tym razem nagrod\u0105<span style=\"mso-spacerun: yes;\">\u00a0 <\/span>b\u0119dzie\u00a0 ciekawa biografia rosyjskiego pisarza Lwa Niko\u0142ajewicza To\u0142stoja. Ksi\u0105\u017ck\u0119 napisa\u0142 Wiktor Szk\u0142owski. S\u0105 w niej r\u00f3wnie\u017c odniesienia interesuj\u0105ce dla uczestnik\u00f3w blogu smakoszy.<span style=\"mso-spacerun: yes;\">\u00a0 <\/span>I z tego tez powodu<span style=\"mso-spacerun: yes;\">\u00a0 <\/span>warto j\u0105 mie\u0107. Pytania oczywi\u015bcie musz\u0105 mie\u0107 zwi\u0105zek z nagrod\u0105. Ale nie dotycz\u0105 ruskich pierog\u00f3w.<\/span><\/span><\/p>\n<p class=\"MsoNormal\" style=\"line-height: 200%; margin: 0cm 0cm 0pt;\"><span style=\"font-family: \"><span style=\"font-size: small;\">Do roboty wi\u0119c!<\/span><\/span><\/p>\n<p class=\"MsoNormal\" style=\"line-height: 200%; margin: 0cm 0cm 0pt;\">\u00a0<\/p>\n<p class=\"MsoNormal\" style=\"line-height: 200%; margin: 0cm 0cm 0pt;\"><span style=\"font-family: \"><span style=\"font-size: small;\">1\u00a0&#8211; Kto jest autorem s\u0142ynnego rosyjskiego dania o nierosyjskiej nazwie boeuf Stroganow?<\/span><\/span><\/p>\n<p class=\"MsoNormal\" style=\"line-height: 200%; margin: 0cm 0cm 0pt;\">\u00a0<\/p>\n<p class=\"MsoNormal\" style=\"line-height: 200%; margin: 0cm 0cm 0pt;\"><span style=\"font-family: \"><span style=\"font-size: small;\">2\u00a0&#8211; Jak si\u0119 inaczej nazywa p\u0142o\u0107 kaspijska,s\u0142ynna ryba podawana w formie suszonej?<\/span><\/span><\/p>\n<p class=\"MsoNormal\" style=\"line-height: 200%; margin: 0cm 0cm 0pt;\">\u00a0<\/p>\n<p class=\"MsoNormal\" style=\"line-height: 200%; margin: 0cm 0cm 0pt;\"><span style=\"font-family: \"><span style=\"font-size: small;\">3\u00a0&#8211; Tu\u017c po rewolucji pa\u017adziernikowej<span style=\"mso-spacerun: yes;\">\u00a0 <\/span>dwaj Ormianie wys\u0142ani przez ojca na studia medyczne do Pary\u017ca zaj\u0119li si\u0119 sprowadzaniem do Francji kawioru; ich firma zmonopolizowa\u0142a rynek i istnieje do dzi\u015b; jak si\u0119 nazywali zdolni ch\u0142opcy?<\/span><\/span><\/p>\n<p class=\"MsoNormal\" style=\"line-height: 200%; margin: 0cm 0cm 0pt;\">\u00a0<\/p>\n<p class=\"MsoNormal\" style=\"line-height: 200%; margin: 0cm 0cm 0pt;\"><span style=\"font-family: \"><span style=\"font-size: small;\">I teraz p\u0119dem do komputera. Oto adres: <\/span><a href=\"mailto:internet@polityka.com.pl\"><span style=\"font-size: small;\">internet@polityka.com.pl<\/span><\/a><span style=\"font-size: small;\"> <\/span><\/span><\/p>\n<p class=\"MsoNormal\" style=\"line-height: 200%; margin: 0cm 0cm 0pt;\"><span style=\"font-family: \"><span style=\"font-size: small;\">Kto pierwszy przy\u015ble prawid\u0142owe trzy odpowiedzi ten pozna od kulis \u017cycie wielkiego pisarza z Jasnej Polany.<\/span><\/span><\/p>\n<p class=\"MsoNormal\" style=\"line-height: 200%; margin: 0cm 0cm 0pt;\"><span style=\"font-family: \"><span style=\"font-size: small;\">\u00a0<\/span><\/span><\/p>\n<p class=\"MsoNormal\" style=\"line-height: 200%; margin: 0cm 0cm 0pt;\"><span style=\"font-family: \"><span style=\"font-size: small;\">\u00a0<\/span><\/span><\/p>\n<p class=\"MsoNormal\" style=\"line-height: 200%; margin: 0cm 0cm 0pt;\"><span style=\"font-family: \"><span style=\"font-size: small;\"><br \/>\n<\/span><\/span><\/p>\n<p class=\"MsoNormal\" style=\"line-height: 200%; margin: 0cm 0cm 0pt;\"><span style=\"font-family: \"><span style=\"font-size: small;\">\u00a0<\/span><\/span><\/p>\n<p class=\"MsoNormal\" style=\"margin: 0cm 0cm 0pt;\"><span style=\"font-family: Times New Roman; font-size: small;\">\u00a0<\/span><\/p>\n<p class=\"MsoNormal\" style=\"margin: 0cm 0cm 0pt;\"><span style=\"font-family: Times New Roman; font-size: small;\">\u00a0<\/span><\/p>\n<p class=\"MsoNormal\" style=\"margin: 0cm 0cm 0pt;\"><span style=\"font-family: Times New Roman; font-size: small;\">\u00a0<\/span><\/p>\n","protected":false},"excerpt":{"rendered":"<p>Tym razem nagrod\u0105\u00a0 b\u0119dzie\u00a0 ciekawa biografia rosyjskiego pisarza Lwa Niko\u0142ajewicza To\u0142stoja. Ksi\u0105\u017ck\u0119 napisa\u0142 Wiktor Szk\u0142owski. S\u0105 w niej r\u00f3wnie\u017c odniesienia interesuj\u0105ce dla uczestnik\u00f3w blogu smakoszy.\u00a0 I z tego tez powodu\u00a0 warto j\u0105 mie\u0107. Pytania oczywi\u015bcie musz\u0105 mie\u0107 zwi\u0105zek z nagrod\u0105. Ale nie dotycz\u0105 ruskich pierog\u00f3w. Do roboty wi\u0119c! \u00a0 1\u00a0&#8211; Kto jest autorem s\u0142ynnego rosyjskiego [&hellip;]<\/p>\n","protected":false},"author":2,"featured_media":0,"comment_status":"open","ping_status":"open","sticky":false,"template":"","format":"standard","meta":{"footnotes":""},"categories":[1],"tags":[],"_links":{"self":[{"href":"https:\/\/blog.polityka.pl\/adamczewski\/wp-json\/wp\/v2\/posts\/1659"}],"collection":[{"href":"https:\/\/blog.polityka.pl\/adamczewski\/wp-json\/wp\/v2\/posts"}],"about":[{"href":"https:\/\/blog.polityka.pl\/adamczewski\/wp-json\/wp\/v2\/types\/post"}],"author":[{"embeddable":true,"href":"https:\/\/blog.polityka.pl\/adamczewski\/wp-json\/wp\/v2\/users\/2"}],"replies":[{"embeddable":true,"href":"https:\/\/blog.polityka.pl\/adamczewski\/wp-json\/wp\/v2\/comments?post=1659"}],"version-history":[{"count":0,"href":"https:\/\/blog.polityka.pl\/adamczewski\/wp-json\/wp\/v2\/posts\/1659\/revisions"}],"wp:attachment":[{"href":"https:\/\/blog.polityka.pl\/adamczewski\/wp-json\/wp\/v2\/media?parent=1659"}],"wp:term":[{"taxonomy":"category","embeddable":true,"href":"https:\/\/blog.polityka.pl\/adamczewski\/wp-json\/wp\/v2\/categories?post=1659"},{"taxonomy":"post_tag","embeddable":true,"href":"https:\/\/blog.polityka.pl\/adamczewski\/wp-json\/wp\/v2\/tags?post=1659"}],"curies":[{"name":"wp","href":"https:\/\/api.w.org\/{rel}","templated":true}]}}