
{"id":16590,"date":"2017-04-28T06:30:18","date_gmt":"2017-04-28T04:30:18","guid":{"rendered":"http:\/\/adamczewski.blog.polityka.pl\/?p=16590"},"modified":"2017-04-26T12:31:52","modified_gmt":"2017-04-26T10:31:52","slug":"16590","status":"publish","type":"post","link":"https:\/\/blog.polityka.pl\/adamczewski\/2017\/04\/28\/16590\/","title":{"rendered":"Grill znaczy wiosna"},"content":{"rendered":"<p class=\"western\"><span style=\"font-family: Arial,sans-serif;\"><span style=\"font-size: large;\">Jak\u017ce g\u0142adko w obyczaj wesz\u0142y grille, grillowanie i wszystkie smaki z nimi zwi\u0105zane. Jest to moim zdaniem najbardziej znacz\u0105ca cecha <\/span><\/span><span style=\"font-family: Arial,sans-serif;\"><span style=\"font-size: large;\">dotycz\u0105ca przyrz\u0105dzania posi\u0142k\u00f3w w <\/span><\/span><span style=\"font-family: Arial,sans-serif;\"><span style=\"font-size: large;\">nowej epo<\/span><\/span><span style=\"font-family: Arial,sans-serif;\"><span style=\"font-size: large;\">ce<\/span><\/span><span style=\"font-family: Arial,sans-serif;\"><span style=\"font-size: large;\"> historycznej, <\/span><\/span><span style=\"font-family: Arial,sans-serif;\"><span style=\"font-size: large;\">kt\u00f3ra<\/span><\/span><span style=\"font-family: Arial,sans-serif;\"><span style=\"font-size: large;\"> zacz\u0119\u0142a si\u0119 w latach <\/span><\/span><span style=\"font-family: Arial,sans-serif;\"><span style=\"font-size: large;\">dziewi\u0119\u0107dziesi\u0105<\/span><\/span><span style=\"font-family: Arial,sans-serif;\"><span style=\"font-size: large;\">tych. Wcze\u015bniej grill w ogr\u00f3dku \u015bwiadczy\u0142 o tym, \u017ce gospodarze otarli si\u0119 o zagranic\u0119 albo chocia\u017c widzieli wiele ameryka\u0144skich film\u00f3w. Obecnie \u2013 po prostu id\u0105 za powszechn\u0105 mod\u0105. Od razu przyznam si\u0119, \u017ce nie jest to forma przyj\u0119cia lub rodzinnego posi\u0142ku, kt\u00f3ra wydaje mi si\u0119 specjalnie atrakcyjna. <\/span><\/span><span style=\"font-family: Arial,sans-serif;\"><span style=\"font-size: large;\">Zreszt\u0105 <\/span><\/span><span style=\"font-family: Arial,sans-serif;\"><span style=\"font-size: large;\">pogoda cz\u0119sto nie zach\u0119ca do takiego sp\u0119dzania czasu. Ale prawd\u0119 m\u00f3wi\u0105c przebywanie na \u015bwie\u017cym powietrzu jest dla mnie i tak najbardziej atrakcyjne z grillowych przyjemno\u015bci.<\/span><\/span><\/p>\n<p class=\"western\"><span style=\"font-family: Arial,sans-serif;\"><span style=\"font-size: large;\">Nie zach\u0119caj\u0105 mnie zupe\u0142nie stosy przygotowanych, zamarynowanych mi\u0119s w supermarketach. Prawd\u0119 m\u00f3wi\u0105c niekt\u00f3re przyj\u0119cia grillowe, na kt\u00f3rych bywa\u0142am, nie da\u0142y mi najlepszych wspomnie\u0144. Obracali\u015bmy si\u0119 w granicach ekstrem\u00f3w: niedopieczony lub spieczony na podeszw\u0119 kawa\u0142 mi\u0119sa. Ale s\u0105 przecie\u017c wyj\u0105tki, kt\u00f3re wspominam bardzo smakowicie. Grillowane warzywa godz\u0105 mnie w zupe\u0142no\u015bci z ogrodowym menu. No i \u015bwietne grapefruity, o kt\u00f3rych pisa\u0142 dawno temu Piotr. Aha i jeszcze fenomenalny pieczony camembert Danu\u015bki. Wi\u0119c mo\u017ce nie jest to wcale ma\u0142o? <\/span><\/span><\/p>\n<p class=\"western\"><span style=\"font-family: Arial,sans-serif;\"><span style=\"font-size: large;\">Zreszt\u0105 moje zrz\u0119dzenie i tak nie zda si\u0119 na nic. Jak Polska d\u0142uga i szeroka, nawet je\u015bli b\u0119dzie pada\u0142 deszcz i wia\u0142 ostry wiatr, chowaj\u0105c si\u0119 przed przeciwno\u015bciami aury, b\u0119dziemy grillowa\u0107. Jedno mnie troch\u0119 martwi, \u017ce la\u0107 si\u0119 b\u0119dzie piwo . A przecie\u017c kieliszek czerwonego wina jest znacznie lepszy do rozp\u0142ywaj\u0105cego si\u0119 sera i kilku kawa\u0142k\u00f3w warzyw. \u017bycz\u0119 pi\u0119knej pogody.<\/span><\/span><\/p>\n","protected":false},"excerpt":{"rendered":"<p>Jak\u017ce g\u0142adko w obyczaj wesz\u0142y grille, grillowanie i wszystkie smaki z nimi zwi\u0105zane. Jest to moim zdaniem najbardziej znacz\u0105ca cecha dotycz\u0105ca przyrz\u0105dzania posi\u0142k\u00f3w w nowej epoce historycznej, kt\u00f3ra zacz\u0119\u0142a si\u0119 w latach dziewi\u0119\u0107dziesi\u0105tych. Wcze\u015bniej grill w ogr\u00f3dku \u015bwiadczy\u0142 o tym, \u017ce gospodarze otarli si\u0119 o zagranic\u0119 albo chocia\u017c widzieli wiele ameryka\u0144skich film\u00f3w. Obecnie \u2013 po [&hellip;]<\/p>\n","protected":false},"author":37,"featured_media":0,"comment_status":"open","ping_status":"closed","sticky":false,"template":"","format":"standard","meta":{"footnotes":""},"categories":[1],"tags":[],"_links":{"self":[{"href":"https:\/\/blog.polityka.pl\/adamczewski\/wp-json\/wp\/v2\/posts\/16590"}],"collection":[{"href":"https:\/\/blog.polityka.pl\/adamczewski\/wp-json\/wp\/v2\/posts"}],"about":[{"href":"https:\/\/blog.polityka.pl\/adamczewski\/wp-json\/wp\/v2\/types\/post"}],"author":[{"embeddable":true,"href":"https:\/\/blog.polityka.pl\/adamczewski\/wp-json\/wp\/v2\/users\/37"}],"replies":[{"embeddable":true,"href":"https:\/\/blog.polityka.pl\/adamczewski\/wp-json\/wp\/v2\/comments?post=16590"}],"version-history":[{"count":2,"href":"https:\/\/blog.polityka.pl\/adamczewski\/wp-json\/wp\/v2\/posts\/16590\/revisions"}],"predecessor-version":[{"id":16592,"href":"https:\/\/blog.polityka.pl\/adamczewski\/wp-json\/wp\/v2\/posts\/16590\/revisions\/16592"}],"wp:attachment":[{"href":"https:\/\/blog.polityka.pl\/adamczewski\/wp-json\/wp\/v2\/media?parent=16590"}],"wp:term":[{"taxonomy":"category","embeddable":true,"href":"https:\/\/blog.polityka.pl\/adamczewski\/wp-json\/wp\/v2\/categories?post=16590"},{"taxonomy":"post_tag","embeddable":true,"href":"https:\/\/blog.polityka.pl\/adamczewski\/wp-json\/wp\/v2\/tags?post=16590"}],"curies":[{"name":"wp","href":"https:\/\/api.w.org\/{rel}","templated":true}]}}