
{"id":16611,"date":"2017-05-26T16:07:47","date_gmt":"2017-05-26T14:07:47","guid":{"rendered":"http:\/\/adamczewski.blog.polityka.pl\/?p=16611"},"modified":"2017-05-26T16:08:10","modified_gmt":"2017-05-26T14:08:10","slug":"specjalsi","status":"publish","type":"post","link":"https:\/\/blog.polityka.pl\/adamczewski\/2017\/05\/26\/specjalsi\/","title":{"rendered":"Specjalsi"},"content":{"rendered":"<p>Podczas spotkania rodzinnego moja c\u00f3rka powt\u00f3rzy\u0142a zas\u0142yszan\u0105 rozmow\u0119 pi\u0119ciolatka z mam\u0105. \u201eMamo, dlaczego ja nie jestem na nic uczulony? Wszystkie dzieci w przedszkolu na co\u015b s\u0105, a ja na nic\u201d \u2013 skar\u017cy\u0142o si\u0119 dziecko.<\/p>\n<p>Wszyscy si\u0119 u\u015bmiali. Najwyra\u017aniej ten maluch odkry\u0142 ju\u017c, \u017ce budowanie pozycji towarzyskiej nie jest takie proste.<\/p>\n<p>A ja przypomnia\u0142am sobie r\u00f3\u017cne przyj\u0119cia, podczas kt\u00f3rych tematem by\u0142o czego kto nie je, co mu szkodzi, a nawet bardziej szczeg\u00f3\u0142owo, jakie objawy wywo\u0142uje niebezpieczna substancja. Pewna kole\u017canka i ch\u0119tnym, i mniej ch\u0119tnym opisuje szczeg\u00f3\u0142owo budow\u0119 swoich kosmk\u00f3w jelitowych. Oczywi\u015bcie przy jedzeniu.<\/p>\n<p>Pomy\u015bla\u0142am te\u017c o naszych rodzinnych przyj\u0119ciach, przed kt\u00f3rymi nale\u017cy si\u0119 powa\u017cnie zastanowi\u0107 nad menu. Mamy bowiem w rodzinie jednego niejadka, co jada bardzo wybrane produkty, jedn\u0105 uczulon\u0105 na grzyby i dwoje niejedz\u0105cych ryb. A ostatnio tak\u017ce jedn\u0105 odchudzaj\u0105c\u0105 si\u0119.<\/p>\n<p>Kiedy szykowa\u0142am si\u0119 ostatnio, \u017ceby ich przyj\u0105\u0107, d\u0142ugo g\u0142\u00f3wkowa\u0142am. Zw\u0142aszcza ze wszyscy wymienieni to samodzielniee mieszkaj\u0105ce dwudziestolatki, czyli przyj\u0119cie rodzinne powinno s\u0142u\u017cy\u0107 temu, \u017ceby troch\u0119 podjedli, bo na co dzie\u0144 jedz\u0105 nie wiadomo co. W ko\u0144cu wyb\u00f3r pad\u0142 na menu s\u0142abo si\u0119 kojarz\u0105ce z przyj\u0119ciami, ale za to bezpieczne: zup\u0119 jarzynow\u0105 oraz gotowane szparagi z domowym chlebem. No i wspania\u0142y tort bezowy mojej mamy.<\/p>\n<p>Pomy\u015bla\u0142am z nostalgi\u0105 o czasach, kiedy jad\u0142o si\u0119 to, co si\u0119 dosta\u0142o. A tematem rozm\u00f3w nie by\u0142y nadwra\u017cliwo\u015bci i alergie, tylko bie\u017c\u0105ce wydarzenia a mo\u017ce nawet literatura czy sztuka. Cho\u0107 je\u015bli mieliby\u015bmy rozmawia\u0107 o polityce, to mo\u017ce ju\u017c lepiej o kosmkach?<\/p>\n","protected":false},"excerpt":{"rendered":"<p>Podczas spotkania rodzinnego moja c\u00f3rka powt\u00f3rzy\u0142a zas\u0142yszan\u0105 rozmow\u0119 pi\u0119ciolatka z mam\u0105. \u201eMamo, dlaczego ja nie jestem na nic uczulony? Wszystkie dzieci w przedszkolu na co\u015b s\u0105, a ja na nic\u201d \u2013 skar\u017cy\u0142o si\u0119 dziecko. Wszyscy si\u0119 u\u015bmiali. Najwyra\u017aniej ten maluch odkry\u0142 ju\u017c, \u017ce budowanie pozycji towarzyskiej nie jest takie proste. A ja przypomnia\u0142am sobie r\u00f3\u017cne [&hellip;]<\/p>\n","protected":false},"author":38,"featured_media":0,"comment_status":"open","ping_status":"closed","sticky":false,"template":"","format":"standard","meta":{"footnotes":""},"categories":[1],"tags":[],"_links":{"self":[{"href":"https:\/\/blog.polityka.pl\/adamczewski\/wp-json\/wp\/v2\/posts\/16611"}],"collection":[{"href":"https:\/\/blog.polityka.pl\/adamczewski\/wp-json\/wp\/v2\/posts"}],"about":[{"href":"https:\/\/blog.polityka.pl\/adamczewski\/wp-json\/wp\/v2\/types\/post"}],"author":[{"embeddable":true,"href":"https:\/\/blog.polityka.pl\/adamczewski\/wp-json\/wp\/v2\/users\/38"}],"replies":[{"embeddable":true,"href":"https:\/\/blog.polityka.pl\/adamczewski\/wp-json\/wp\/v2\/comments?post=16611"}],"version-history":[{"count":3,"href":"https:\/\/blog.polityka.pl\/adamczewski\/wp-json\/wp\/v2\/posts\/16611\/revisions"}],"predecessor-version":[{"id":16614,"href":"https:\/\/blog.polityka.pl\/adamczewski\/wp-json\/wp\/v2\/posts\/16611\/revisions\/16614"}],"wp:attachment":[{"href":"https:\/\/blog.polityka.pl\/adamczewski\/wp-json\/wp\/v2\/media?parent=16611"}],"wp:term":[{"taxonomy":"category","embeddable":true,"href":"https:\/\/blog.polityka.pl\/adamczewski\/wp-json\/wp\/v2\/categories?post=16611"},{"taxonomy":"post_tag","embeddable":true,"href":"https:\/\/blog.polityka.pl\/adamczewski\/wp-json\/wp\/v2\/tags?post=16611"}],"curies":[{"name":"wp","href":"https:\/\/api.w.org\/{rel}","templated":true}]}}