
{"id":16621,"date":"2017-06-07T07:24:20","date_gmt":"2017-06-07T05:24:20","guid":{"rendered":"http:\/\/adamczewski.blog.polityka.pl\/?p=16621"},"modified":"2017-06-06T09:25:31","modified_gmt":"2017-06-06T07:25:31","slug":"nie-ma-tego-zlego","status":"publish","type":"post","link":"https:\/\/blog.polityka.pl\/adamczewski\/2017\/06\/07\/nie-ma-tego-zlego\/","title":{"rendered":"Nie ma tego z\u0142ego"},"content":{"rendered":"<p>Nasze uprawy nie zawsze id\u0105 w zamierzonym kierunku. Mamy pi\u0119kne rzodkiewki, tyle, \u017ce wi\u0119kszo\u015b\u0107 energii zu\u017cy\u0142y na wytworzenie li\u015bci. Jedno jest pewne, s\u0105 to li\u015bcie uzyskane metodami naturalnymi, nie pryskane, ani nie zasilane nawozami sztucznymi. Dlatego z rado\u015bci\u0105 wykorzystujemy je, przyrz\u0105dzaj\u0105c pyszn\u0105 past\u0119 z li\u015bci rzodkiewek.<br \/>\nOto przepis:<br \/>\n<em>Du\u017cy p\u0119czek li\u015bci rzodkiewki, 5 suszonych pomidor\u00f3w, \u0142y\u017cka tartego parmezanu lub innego wyrazistego sera, 2 \u0142y\u017cki pestek s\u0142onecznika, \u0142y\u017cka oliwy z oliwek (mo\u017cna u\u017cy\u0107 oliwy od pomidor\u00f3w). Wszystkie sk\u0142adniki zmiksowa\u0107. Je\u015bli kto\u015b lubi, \u017ceby chrupa\u0142o, mo\u017cna pestki s\u0142onecznika doda\u0107 ju\u017c po miksowaniu.<\/em><br \/>\nPasta nadaje si\u0119 do smarowania pieczywa, mo\u017cna j\u0105 zastosowa\u0107 jako pesto do makaronu. A jaka jest pyszna i zdrowa!<br \/>\nMa jeszcze jedn\u0105 wielk\u0105 zalet\u0119. Nie trzeba kurczowo trzyma\u0107 si\u0119 przepisu. Podobne pasty mo\u017cna przyrz\u0105dza\u0107 z r\u00f3\u017cnych pysznych wiosennych produkt\u00f3w, najlepiej z w\u0142asnych upraw. Cho\u0107by balkonowych.<\/p>\n","protected":false},"excerpt":{"rendered":"<p>Nasze uprawy nie zawsze id\u0105 w zamierzonym kierunku. Mamy pi\u0119kne rzodkiewki, tyle, \u017ce wi\u0119kszo\u015b\u0107 energii zu\u017cy\u0142y na wytworzenie li\u015bci. Jedno jest pewne, s\u0105 to li\u015bcie uzyskane metodami naturalnymi, nie pryskane, ani nie zasilane nawozami sztucznymi. Dlatego z rado\u015bci\u0105 wykorzystujemy je, przyrz\u0105dzaj\u0105c pyszn\u0105 past\u0119 z li\u015bci rzodkiewek. Oto przepis: Du\u017cy p\u0119czek li\u015bci rzodkiewki, 5 suszonych pomidor\u00f3w, [&hellip;]<\/p>\n","protected":false},"author":38,"featured_media":0,"comment_status":"open","ping_status":"closed","sticky":false,"template":"","format":"standard","meta":{"footnotes":""},"categories":[1],"tags":[],"_links":{"self":[{"href":"https:\/\/blog.polityka.pl\/adamczewski\/wp-json\/wp\/v2\/posts\/16621"}],"collection":[{"href":"https:\/\/blog.polityka.pl\/adamczewski\/wp-json\/wp\/v2\/posts"}],"about":[{"href":"https:\/\/blog.polityka.pl\/adamczewski\/wp-json\/wp\/v2\/types\/post"}],"author":[{"embeddable":true,"href":"https:\/\/blog.polityka.pl\/adamczewski\/wp-json\/wp\/v2\/users\/38"}],"replies":[{"embeddable":true,"href":"https:\/\/blog.polityka.pl\/adamczewski\/wp-json\/wp\/v2\/comments?post=16621"}],"version-history":[{"count":1,"href":"https:\/\/blog.polityka.pl\/adamczewski\/wp-json\/wp\/v2\/posts\/16621\/revisions"}],"predecessor-version":[{"id":16622,"href":"https:\/\/blog.polityka.pl\/adamczewski\/wp-json\/wp\/v2\/posts\/16621\/revisions\/16622"}],"wp:attachment":[{"href":"https:\/\/blog.polityka.pl\/adamczewski\/wp-json\/wp\/v2\/media?parent=16621"}],"wp:term":[{"taxonomy":"category","embeddable":true,"href":"https:\/\/blog.polityka.pl\/adamczewski\/wp-json\/wp\/v2\/categories?post=16621"},{"taxonomy":"post_tag","embeddable":true,"href":"https:\/\/blog.polityka.pl\/adamczewski\/wp-json\/wp\/v2\/tags?post=16621"}],"curies":[{"name":"wp","href":"https:\/\/api.w.org\/{rel}","templated":true}]}}