
{"id":16636,"date":"2017-06-20T20:49:48","date_gmt":"2017-06-20T18:49:48","guid":{"rendered":"http:\/\/adamczewski.blog.polityka.pl\/?p=16636"},"modified":"2017-06-19T20:50:49","modified_gmt":"2017-06-19T18:50:49","slug":"naletni-obiad-warzywa","status":"publish","type":"post","link":"https:\/\/blog.polityka.pl\/adamczewski\/2017\/06\/20\/naletni-obiad-warzywa\/","title":{"rendered":"Na letni obiad \u2013 warzywa"},"content":{"rendered":"<p class=\"western\"><span style=\"font-family: Arial,sans-serif;\"><span style=\"font-size: large;\">Od dawna uwa\u017cam, \u017ce polskie stoiska z warzywami s\u0105, zw\u0142aszcza latem, tak pi\u0119kne, tak kolorowe i tak zach\u0119caj\u0105 do kupowania <\/span><\/span><span style=\"font-family: Arial,sans-serif;\"><span style=\"font-size: large;\">oraz<\/span><\/span><span style=\"font-family: Arial,sans-serif;\"><span style=\"font-size: large;\"> gotowania, \u017ce <\/span><\/span><span style=\"font-family: Arial,sans-serif;\"><span style=\"font-size: large;\">trudno by\u0107<\/span><\/span><span style=\"font-family: Arial,sans-serif;\"><span style=\"font-size: large;\"> mi\u0119so\u017cerc<\/span><\/span><span style=\"font-family: Arial,sans-serif;\"><span style=\"font-size: large;\">\u0105<\/span><\/span><span style=\"font-family: Arial,sans-serif;\"><span style=\"font-size: large;\">. Sama nie stroni\u0119 od mi\u0119sa, ale wydaje mi si\u0119, \u017ce latem mi\u0119sny obiad bez towarzystwa licznych warzyw w og\u00f3le si\u0119 nie liczy. A co najwa\u017cniejsze nie smakuje. <\/span><\/span><\/p>\n<p class=\"western\"><span style=\"font-family: Arial,sans-serif;\"><span style=\"font-size: large;\">Wprawdzie wi\u0119kszo\u015b\u0107 warzyw <\/span><\/span><span style=\"font-family: Arial,sans-serif;\"><span style=\"font-size: large;\">mo\u017cna obecnie <\/span><\/span><span style=\"font-family: Arial,sans-serif;\"><span style=\"font-size: large;\">kup<\/span><\/span><span style=\"font-family: Arial,sans-serif;\"><span style=\"font-size: large;\">i\u0107<\/span><\/span><span style=\"font-family: Arial,sans-serif;\"><span style=\"font-size: large;\"> przez ca\u0142y rok, ale te wyhodowane w naszych warunkach klimatycznych i glebowych, a przede wszystkim nie transportowane z oddali wydaj\u0105 mi si\u0119 szczeg\u00f3lnie smakowite. Lubi\u0119 kurczaka po diabelsku, w kt\u00f3rej to potrawie md\u0142e mi\u0119so zyskuje charakter, lubi\u0119 ciel\u0119cin\u0119 ogrodnika czyli uduszon\u0105 w mn\u00f3stwie warzyw, uwielbiam g\u0119st\u0105 zup\u0119 jarzynow\u0105. Ale przede wszystkim w dni gor\u0105ce uwielbiam naj\u0142atwiejszy ch\u0142odnik \u015bwiata. A jaki ma smak\u2026 <\/span><\/span><span style=\"font-family: Arial,sans-serif;\"><span style=\"font-size: large;\">S<\/span><\/span><span style=\"font-family: Arial,sans-serif;\"><span style=\"font-size: large;\">pr\u00f3bujcie sami.<\/span><\/span><\/p>\n<p class=\"western\"><span style=\"font-size: large;\"><em><span style=\"font-family: Arial,sans-serif;\">Na ch\u0142odnik potrzebne b\u0119dzie: 2 szklanki soku pomidorowego, 2 pojemniczki 200 g jogurtu naturalnego lub kefiru, 2 jajka na twardo, d\u0142ugi og\u00f3rek, 2 \u0142y\u017cki posiekanego koperku, 2 \u0142y\u017cki posiekanego szczypiorku, s\u00f3l, odrobina pieprzu i kilka kostek lodu.<\/span><\/em><\/span><\/p>\n<p class=\"western\"><span style=\"font-size: large;\"><em><span style=\"font-family: Arial,sans-serif;\">Mieszamy najpierw sok z jogurtem, dodajemy niezbyt drobno posiekane jajka, pokrojony w p\u00f3\u0142plasterki og\u00f3rek, doprawiamy sol\u0105, pieprzem i posiekanymi zieleninami. Do ka\u017cdej porcji dodajemy kostk\u0119 lodu.<\/span><\/em><\/span><\/p>\n<p class=\"western\"><span style=\"font-family: Arial,sans-serif;\"><span style=\"font-size: large;\">Lekko, smakowicie, szybko a nawet b\u0142yskawicznie. Pozdrawiam.<\/span><\/span><\/p>\n","protected":false},"excerpt":{"rendered":"<p>Od dawna uwa\u017cam, \u017ce polskie stoiska z warzywami s\u0105, zw\u0142aszcza latem, tak pi\u0119kne, tak kolorowe i tak zach\u0119caj\u0105 do kupowania oraz gotowania, \u017ce trudno by\u0107 mi\u0119so\u017cerc\u0105. Sama nie stroni\u0119 od mi\u0119sa, ale wydaje mi si\u0119, \u017ce latem mi\u0119sny obiad bez towarzystwa licznych warzyw w og\u00f3le si\u0119 nie liczy. A co najwa\u017cniejsze nie smakuje. Wprawdzie wi\u0119kszo\u015b\u0107 [&hellip;]<\/p>\n","protected":false},"author":37,"featured_media":0,"comment_status":"open","ping_status":"closed","sticky":false,"template":"","format":"standard","meta":{"footnotes":""},"categories":[1],"tags":[],"_links":{"self":[{"href":"https:\/\/blog.polityka.pl\/adamczewski\/wp-json\/wp\/v2\/posts\/16636"}],"collection":[{"href":"https:\/\/blog.polityka.pl\/adamczewski\/wp-json\/wp\/v2\/posts"}],"about":[{"href":"https:\/\/blog.polityka.pl\/adamczewski\/wp-json\/wp\/v2\/types\/post"}],"author":[{"embeddable":true,"href":"https:\/\/blog.polityka.pl\/adamczewski\/wp-json\/wp\/v2\/users\/37"}],"replies":[{"embeddable":true,"href":"https:\/\/blog.polityka.pl\/adamczewski\/wp-json\/wp\/v2\/comments?post=16636"}],"version-history":[{"count":3,"href":"https:\/\/blog.polityka.pl\/adamczewski\/wp-json\/wp\/v2\/posts\/16636\/revisions"}],"predecessor-version":[{"id":16639,"href":"https:\/\/blog.polityka.pl\/adamczewski\/wp-json\/wp\/v2\/posts\/16636\/revisions\/16639"}],"wp:attachment":[{"href":"https:\/\/blog.polityka.pl\/adamczewski\/wp-json\/wp\/v2\/media?parent=16636"}],"wp:term":[{"taxonomy":"category","embeddable":true,"href":"https:\/\/blog.polityka.pl\/adamczewski\/wp-json\/wp\/v2\/categories?post=16636"},{"taxonomy":"post_tag","embeddable":true,"href":"https:\/\/blog.polityka.pl\/adamczewski\/wp-json\/wp\/v2\/tags?post=16636"}],"curies":[{"name":"wp","href":"https:\/\/api.w.org\/{rel}","templated":true}]}}