
{"id":16646,"date":"2017-06-30T09:13:46","date_gmt":"2017-06-30T07:13:46","guid":{"rendered":"http:\/\/adamczewski.blog.polityka.pl\/?p=16646"},"modified":"2017-06-30T10:20:59","modified_gmt":"2017-06-30T08:20:59","slug":"bardzo-dziwne-miejsce","status":"publish","type":"post","link":"https:\/\/blog.polityka.pl\/adamczewski\/2017\/06\/30\/bardzo-dziwne-miejsce\/","title":{"rendered":"Bardzo dziwne miejsce"},"content":{"rendered":"<p>Planowali\u015bmy rodzinn\u0105 imprez\u0119 w restauracji. Lokal wybra\u0142 jubilat, m\u0142odzian tu\u017c po dwudziestce i zachwala\u0142 go, jako miejsce o wyj\u0105tkowej atmosferze. Troch\u0119 niepokoju wzbudzi\u0142o to w starszych osobach uczestnicz\u0105cych w zgromadzeniu, bo nie byli\u015bmy pewni, czy nasze poj\u0119cie wyj\u0105tkowej atmosfery pokrywa si\u0119 z poj\u0119ciem m\u0142odzie\u017cy.<\/p>\n<p>I nies\u0142usznie, bo hiszpa\u0144ska restauracja Bu\u00f1uel na Saskiej Kepie pozostawi\u0142a naprawd\u0119 niezapomniane wra\u017cenie. Pewnie gdyby\u015bmy poszli do jakiej\u015b modnej i dobrej knajpy, to nie zapami\u0119taliby\u015bmy tego spotkania.<\/p>\n<p>Restauracja mie\u015bci si\u0119 w pawilonie z poprzedniej epoki, kt\u00f3ry pozosta\u0142 w niezmienionym stanie. To wzmog\u0142o nasz niepok\u00f3j. Wn\u0119trze wygl\u0105da jak sto\u0142\u00f3wka, co te\u017c nie poprawi\u0142o nastroj\u00f3w. Potem si\u0119 okaza\u0142o, \u017ce obs\u0142uga nie m\u00f3wi po polsku, a i po angielsku nie do ko\u0144ca, wi\u0119c zam\u00f3wienie da\u0144 okaza\u0142o si\u0119 sporym wyzwaniem. Zreszt\u0105 przez ca\u0142y wiecz\u00f3r towarzyszy\u0142o nam poczucie nierealno\u015bci i niezrozumienia. Nie przeszkodzi\u0142o nam to jednak bawi\u0107 si\u0119 dobrze. Co prawda nie wiedzieli\u015bmy, co trafi za chwil\u0119 na nasz st\u00f3\u0142. Ale najedli\u015bmy si\u0119, przy czym wi\u0119kszo\u015b\u0107 da\u0144 by\u0142a naprawd\u0119 smaczna.<\/p>\n<p>Restauracja jest reklamowana jako hiszpa\u0144ska, ale z tego co uda\u0142o nam si\u0119 dowiedzie\u0107, obs\u0142uga pochodzi raczej z Ameryki Po\u0142udniowej. Nic zatem dziwnego, \u017ce atmosefra jest tam lu\u017ana i nieprzewidywalna. Za naszej bytno\u015bci przez lokal przewin\u0119\u0142o si\u0119 wielu przybysz\u00f3w z tego kontynentu, w tym grupa Peruwia\u0144czyk\u00f3w, kt\u00f3rzy chwil\u0119 pograli, a potem znikn\u0119li.<\/p>\n<p>W restauracji Bu\u00f1uel poczuj\u0105 si\u0119 dobrze tylko osoby wyluzowane. To jednak o wiele ta\u0144sze rozwi\u0105zanie ni\u017c podr\u00f3\u017c na Kub\u0119, a wra\u017cenia podobne.<\/p>\n","protected":false},"excerpt":{"rendered":"<p>Planowali\u015bmy rodzinn\u0105 imprez\u0119 w restauracji. Lokal wybra\u0142 jubilat, m\u0142odzian tu\u017c po dwudziestce i zachwala\u0142 go, jako miejsce o wyj\u0105tkowej atmosferze. Troch\u0119 niepokoju wzbudzi\u0142o to w starszych osobach uczestnicz\u0105cych w zgromadzeniu, bo nie byli\u015bmy pewni, czy nasze poj\u0119cie wyj\u0105tkowej atmosfery pokrywa si\u0119 z poj\u0119ciem m\u0142odzie\u017cy. I nies\u0142usznie, bo hiszpa\u0144ska restauracja Bu\u00f1uel na Saskiej Kepie pozostawi\u0142a naprawd\u0119 [&hellip;]<\/p>\n","protected":false},"author":38,"featured_media":0,"comment_status":"open","ping_status":"closed","sticky":false,"template":"","format":"standard","meta":{"footnotes":""},"categories":[1],"tags":[],"_links":{"self":[{"href":"https:\/\/blog.polityka.pl\/adamczewski\/wp-json\/wp\/v2\/posts\/16646"}],"collection":[{"href":"https:\/\/blog.polityka.pl\/adamczewski\/wp-json\/wp\/v2\/posts"}],"about":[{"href":"https:\/\/blog.polityka.pl\/adamczewski\/wp-json\/wp\/v2\/types\/post"}],"author":[{"embeddable":true,"href":"https:\/\/blog.polityka.pl\/adamczewski\/wp-json\/wp\/v2\/users\/38"}],"replies":[{"embeddable":true,"href":"https:\/\/blog.polityka.pl\/adamczewski\/wp-json\/wp\/v2\/comments?post=16646"}],"version-history":[{"count":3,"href":"https:\/\/blog.polityka.pl\/adamczewski\/wp-json\/wp\/v2\/posts\/16646\/revisions"}],"predecessor-version":[{"id":16650,"href":"https:\/\/blog.polityka.pl\/adamczewski\/wp-json\/wp\/v2\/posts\/16646\/revisions\/16650"}],"wp:attachment":[{"href":"https:\/\/blog.polityka.pl\/adamczewski\/wp-json\/wp\/v2\/media?parent=16646"}],"wp:term":[{"taxonomy":"category","embeddable":true,"href":"https:\/\/blog.polityka.pl\/adamczewski\/wp-json\/wp\/v2\/categories?post=16646"},{"taxonomy":"post_tag","embeddable":true,"href":"https:\/\/blog.polityka.pl\/adamczewski\/wp-json\/wp\/v2\/tags?post=16646"}],"curies":[{"name":"wp","href":"https:\/\/api.w.org\/{rel}","templated":true}]}}