
{"id":16664,"date":"2017-07-18T07:53:40","date_gmt":"2017-07-18T05:53:40","guid":{"rendered":"http:\/\/adamczewski.blog.polityka.pl\/?p=16664"},"modified":"2017-07-17T21:13:05","modified_gmt":"2017-07-17T19:13:05","slug":"dziwne-desery","status":"publish","type":"post","link":"https:\/\/blog.polityka.pl\/adamczewski\/2017\/07\/18\/dziwne-desery\/","title":{"rendered":"Dziwne desery"},"content":{"rendered":"<p class=\"western\"><span style=\"color: #00000a;\"><span style=\"font-family: Arial,serif;\"><span style=\"font-size: large;\">Wpad\u0142a mi w r\u0119k\u0119 ksi\u0105\u017cka, w kt\u00f3rej autorka, Lene Knudsen, przedstawia przepisy na warzywne ciasta deserowe. Rozumiem ciasta marchewkowe, dyniowe czy cukiniowe, bo smak tych warzyw jest neutralny, ale ju\u017c przy s\u0142odkiej tarcie pomidorowej cokolwiek si\u0119 zastanowi\u0142am. A tu mistrz podaje <\/span><\/span><\/span><span style=\"color: #00000a;\"><span style=\"font-family: Arial,serif;\"><span style=\"font-size: large;\">jeszcze<\/span><\/span><\/span><span style=\"color: #00000a;\"><span style=\"font-family: Arial,serif;\"><span style=\"font-size: large;\"> przepis na s\u0142odziutki flan z kopru w\u0142oskiego, ciasto z kasztan\u00f3w (dot\u0105d <\/span><\/span><\/span><span style=\"color: #00000a;\"><span style=\"font-family: Arial,serif;\"><span style=\"font-size: large;\">brzmi <\/span><\/span><\/span><span style=\"color: #00000a;\"><span style=\"font-family: Arial,serif;\"><span style=\"font-size: large;\">w porz\u0105dku!) z du\u017cym udzia\u0142em topinambur\u00f3w, delikatne tir<\/span><\/span><\/span><span style=\"color: #00000a;\"><span style=\"font-family: Arial,serif;\"><span style=\"font-size: large;\">a<\/span><\/span><\/span><span style=\"color: #00000a;\"><span style=\"font-family: Arial,serif;\"><span style=\"font-size: large;\">misu z warstw\u0105 buraczkow\u0105, crumble z seler\u00f3w i jab\u0142ek, placek z zatopionymi paskami karmelizowanego selera, tart\u0119 z kard\u00f3w i jab\u0142ek, a na dodatek co\u015b co nie bardzo mie\u015bci si\u0119 granicach mojej wyobra\u017ani smakowej: kruche ciastka z siekanym kalafiorem. No bo <\/span><\/span><\/span><span style=\"color: #00000a;\"><span style=\"font-family: Arial,serif;\"><span style=\"font-size: large;\">jestem gotowa uzna\u0107, \u017ce <\/span><\/span><\/span><span style=\"color: #00000a;\"><span style=\"font-family: Arial,serif;\"><span style=\"font-size: large;\">sernik z dojrza\u0142ym awokado ma nie tylko pi\u0119kny kolor, ale i nabiera pewnie konsystencji delikatnej i leciutkiej, <\/span><\/span><\/span><span style=\"color: #00000a;\"><span style=\"font-family: Arial,serif;\"><span style=\"font-size: large;\">\u017ce <\/span><\/span><\/span><span style=\"color: #00000a;\"><span style=\"font-family: Arial,serif;\"><span style=\"font-size: large;\">ciasto z patatami nie wymaga ju\u017c dodatku du\u017cej ilo\u015bci cukru, a i konsystencj\u0119 ma dobr\u0105, ale ten kalafior to ju\u017c by\u0142o dla mnie zbyt wiele.<\/span><\/span><\/span><\/p>\n<p class=\"western\"><span style=\"color: #00000a;\"><span style=\"font-family: Arial,serif;\"><span style=\"font-size: large;\">C<\/span><\/span><\/span><span style=\"color: #00000a;\"><span style=\"font-family: Arial,serif;\"><span style=\"font-size: large;\">ieszy\u0142am si\u0119, \u017ce to tylko moja popo\u0142udniowa, jak\u017ce ciekawa lektura w czasie <\/span><\/span><\/span><span style=\"color: #00000a;\"><span style=\"font-family: Arial,serif;\"><span style=\"font-size: large;\">wizyty<\/span><\/span><\/span><span style=\"color: #00000a;\"><span style=\"font-family: Arial,serif;\"><span style=\"font-size: large;\"> u znajomych. I \u017ce nie musz\u0119 zjada\u0107 wszystkich tych <\/span><\/span><\/span><span style=\"color: #00000a;\"><span style=\"font-family: Arial,serif;\"><span style=\"font-size: large;\">dziw\u00f3w<\/span><\/span><\/span><span style=\"color: #00000a;\"><span style=\"font-family: Arial,serif;\"><span style=\"font-size: large;\">. Bo mimo, \u017ce jada\u0142am wiele pyszno\u015bci, nadal najlepszym smakiem s\u0142odyczy jest dla mnie dobre ciasto dro\u017cd\u017cowe. <\/span><\/span><\/span><\/p>\n<p>&nbsp;<\/p>\n","protected":false},"excerpt":{"rendered":"<p>Wpad\u0142a mi w r\u0119k\u0119 ksi\u0105\u017cka, w kt\u00f3rej autorka, Lene Knudsen, przedstawia przepisy na warzywne ciasta deserowe. Rozumiem ciasta marchewkowe, dyniowe czy cukiniowe, bo smak tych warzyw jest neutralny, ale ju\u017c przy s\u0142odkiej tarcie pomidorowej cokolwiek si\u0119 zastanowi\u0142am. A tu mistrz podaje jeszcze przepis na s\u0142odziutki flan z kopru w\u0142oskiego, ciasto z kasztan\u00f3w (dot\u0105d brzmi w [&hellip;]<\/p>\n","protected":false},"author":37,"featured_media":0,"comment_status":"open","ping_status":"closed","sticky":false,"template":"","format":"standard","meta":{"footnotes":""},"categories":[1],"tags":[],"_links":{"self":[{"href":"https:\/\/blog.polityka.pl\/adamczewski\/wp-json\/wp\/v2\/posts\/16664"}],"collection":[{"href":"https:\/\/blog.polityka.pl\/adamczewski\/wp-json\/wp\/v2\/posts"}],"about":[{"href":"https:\/\/blog.polityka.pl\/adamczewski\/wp-json\/wp\/v2\/types\/post"}],"author":[{"embeddable":true,"href":"https:\/\/blog.polityka.pl\/adamczewski\/wp-json\/wp\/v2\/users\/37"}],"replies":[{"embeddable":true,"href":"https:\/\/blog.polityka.pl\/adamczewski\/wp-json\/wp\/v2\/comments?post=16664"}],"version-history":[{"count":3,"href":"https:\/\/blog.polityka.pl\/adamczewski\/wp-json\/wp\/v2\/posts\/16664\/revisions"}],"predecessor-version":[{"id":16667,"href":"https:\/\/blog.polityka.pl\/adamczewski\/wp-json\/wp\/v2\/posts\/16664\/revisions\/16667"}],"wp:attachment":[{"href":"https:\/\/blog.polityka.pl\/adamczewski\/wp-json\/wp\/v2\/media?parent=16664"}],"wp:term":[{"taxonomy":"category","embeddable":true,"href":"https:\/\/blog.polityka.pl\/adamczewski\/wp-json\/wp\/v2\/categories?post=16664"},{"taxonomy":"post_tag","embeddable":true,"href":"https:\/\/blog.polityka.pl\/adamczewski\/wp-json\/wp\/v2\/tags?post=16664"}],"curies":[{"name":"wp","href":"https:\/\/api.w.org\/{rel}","templated":true}]}}