
{"id":16672,"date":"2017-07-21T13:16:54","date_gmt":"2017-07-21T11:16:54","guid":{"rendered":"http:\/\/adamczewski.blog.polityka.pl\/?p=16672"},"modified":"2017-07-21T13:16:54","modified_gmt":"2017-07-21T11:16:54","slug":"kleska-urodzaju","status":"publish","type":"post","link":"https:\/\/blog.polityka.pl\/adamczewski\/2017\/07\/21\/kleska-urodzaju\/","title":{"rendered":"Kl\u0119ska urodzaju"},"content":{"rendered":"<p>M\u00f3j m\u0105\u017c z moj\u0105 niewielk\u0105 pomoc\u0105 za\u0142o\u017cy\u0142 przy naszym domu na wsi ogr\u00f3d warzywny. M\u0105\u017c jest maksymalist\u0105, wobec czego ogr\u00f3d jest du\u017cy. Ziemia kiepska, wi\u0119c wszystkim si\u0119 wydawa\u0142a, \u017ce ten wysi\u0142ek nie ma sensu. Ale pracowito\u015b\u0107 oraz naw\u00f3z naturalny daje rezultaty. Obrodzi\u0142o potwornie. To znaczy niezwykle obficie. Og\u00f3rk\u00f3w jest huk. Groszku nie spos\u00f3b przeje\u015b\u0107. S\u0105 te\u017c inne dobra. A poniewa\u017c prawdopodobnie m\u0105\u017c pomyli\u0142 nasiona i zamiast cukinii wysia\u0142 wsz\u0119dzie dynie hokaido, ca\u0142e pole jest pokryte tymi dekoracyjnymi owocami (dusza biologa nie pozwala mi napisa\u0107 o dyniach inaczej, botanicznie to przecie\u017c owoce).<\/p>\n<p>Odwiedzaj\u0105cy nas s\u0105 obdarowywani p\u0142odami ziemi, ale wszyscy pytaj\u0105 z trosk\u0105 \u201eCO WY Z TYM WSZYSTKIM ZROBICIE???\u201d. Na szcz\u0119\u015bcie kole\u017canka ma barek o wdzi\u0119cznej nazwie <i>Dwa dania<\/i>, w kt\u00f3rym w zesz\u0142ym roku serwowa\u0142a przez pewien czas dania przyrz\u0105dzone z naszych cukinii, a w tym roku b\u0119dzie zapewne wykorzystywa\u0107 nasze dynie.<\/p>\n<p>Ale i tak jesie\u0144 rysuje si\u0119 niezwykle pracowicie i w kolorze pomara\u0144czowym.<\/p>\n<p>A oto nies\u0142usznie zerwane przez moje kole\u017canki niedojrza\u0142e dynie. Ju\u017c \u0142adne.<\/p>\n<p><a href=\"\/wp-content\/uploads\/2017\/07\/20170721_123145.jpg\"><img loading=\"lazy\" decoding=\"async\" class=\"alignnone wp-image-16670 size-thumbnail\" src=\"\/wp-content\/uploads\/2017\/07\/20170721_123145-150x150.jpg\" alt=\"\" width=\"150\" height=\"150\" \/><\/a><\/p>\n","protected":false},"excerpt":{"rendered":"<p>M\u00f3j m\u0105\u017c z moj\u0105 niewielk\u0105 pomoc\u0105 za\u0142o\u017cy\u0142 przy naszym domu na wsi ogr\u00f3d warzywny. M\u0105\u017c jest maksymalist\u0105, wobec czego ogr\u00f3d jest du\u017cy. Ziemia kiepska, wi\u0119c wszystkim si\u0119 wydawa\u0142a, \u017ce ten wysi\u0142ek nie ma sensu. Ale pracowito\u015b\u0107 oraz naw\u00f3z naturalny daje rezultaty. Obrodzi\u0142o potwornie. To znaczy niezwykle obficie. Og\u00f3rk\u00f3w jest huk. Groszku nie spos\u00f3b przeje\u015b\u0107. S\u0105 [&hellip;]<\/p>\n","protected":false},"author":38,"featured_media":0,"comment_status":"open","ping_status":"closed","sticky":false,"template":"","format":"standard","meta":{"footnotes":""},"categories":[1],"tags":[],"_links":{"self":[{"href":"https:\/\/blog.polityka.pl\/adamczewski\/wp-json\/wp\/v2\/posts\/16672"}],"collection":[{"href":"https:\/\/blog.polityka.pl\/adamczewski\/wp-json\/wp\/v2\/posts"}],"about":[{"href":"https:\/\/blog.polityka.pl\/adamczewski\/wp-json\/wp\/v2\/types\/post"}],"author":[{"embeddable":true,"href":"https:\/\/blog.polityka.pl\/adamczewski\/wp-json\/wp\/v2\/users\/38"}],"replies":[{"embeddable":true,"href":"https:\/\/blog.polityka.pl\/adamczewski\/wp-json\/wp\/v2\/comments?post=16672"}],"version-history":[{"count":1,"href":"https:\/\/blog.polityka.pl\/adamczewski\/wp-json\/wp\/v2\/posts\/16672\/revisions"}],"predecessor-version":[{"id":16673,"href":"https:\/\/blog.polityka.pl\/adamczewski\/wp-json\/wp\/v2\/posts\/16672\/revisions\/16673"}],"wp:attachment":[{"href":"https:\/\/blog.polityka.pl\/adamczewski\/wp-json\/wp\/v2\/media?parent=16672"}],"wp:term":[{"taxonomy":"category","embeddable":true,"href":"https:\/\/blog.polityka.pl\/adamczewski\/wp-json\/wp\/v2\/categories?post=16672"},{"taxonomy":"post_tag","embeddable":true,"href":"https:\/\/blog.polityka.pl\/adamczewski\/wp-json\/wp\/v2\/tags?post=16672"}],"curies":[{"name":"wp","href":"https:\/\/api.w.org\/{rel}","templated":true}]}}