
{"id":16697,"date":"2017-08-17T09:47:08","date_gmt":"2017-08-17T07:47:08","guid":{"rendered":"http:\/\/adamczewski.blog.polityka.pl\/?p=16697"},"modified":"2017-08-17T09:47:08","modified_gmt":"2017-08-17T07:47:08","slug":"jak-bardzo-szkoda-lasow","status":"publish","type":"post","link":"https:\/\/blog.polityka.pl\/adamczewski\/2017\/08\/17\/jak-bardzo-szkoda-lasow\/","title":{"rendered":"Jak bardzo szkoda las\u00f3w"},"content":{"rendered":"<p>Ogl\u0105danie powalonych hektar\u00f3w drzew, to nawet dla os\u00f3b nie maj\u0105cych zwi\u0105zk\u00f3w z lasem jest bardzo trudne. Je\u015bli kto\u015b podr\u00f3\u017cowa\u0142 samochodem przez dotkni\u0119te t\u0105 nawa\u0142\u0105 tereny w poprzednich latach, widzia\u0142 stoj\u0105cych wzd\u0142u\u017c szos sprzedawc\u00f3w tego wszystkiego, co w lesie wyros\u0142o i znajdowa\u0142o szybko ch\u0119tnych nabywc\u00f3w. Pami\u0119tam s\u0142oiki pe\u0142ne dorodnych, pachn\u0105cych poziomek.<\/p>\n<p>Nawet je\u015bli zn\u00f3w posadzi si\u0119 lasy, musi min\u0105\u0107 wiele lat, zanim stan\u0105 si\u0119 tymi wspania\u0142ymi, pe\u0142nymi jag\u00f3d, poziomek a tak\u017ce dorodnych grzyb\u00f3w miejscami.<\/p>\n<p>W mojej okolicy robi si\u0119 planow\u0105 wycink\u0119 ca\u0142ych po\u0142aci las\u00f3w, szybko zarastaj\u0105 krzewami, nowymi posadzonymi drzewami, ale bardzo niech\u0119tnie chodz\u0119 na te por\u0119by. To nie moje lasy, zupe\u0142nie inny krajobraz, czasami trudno mi si\u0119 w nich zorientowa\u0107 i w moich od wielu lat, miejscach czuj\u0119 si\u0119 obco. Tam gdzie zbiera\u0142am kosze grzyb\u00f3w zbieram najwy\u017cej jakie\u015b zab\u0142\u0105kane ich resztki. Trudno nawet wyobrazi\u0107 sobie, jak b\u0119d\u0105 si\u0119 czu\u0107 ludzie, kt\u00f3rym zabraknie widoku lasu za oknem, w odleg\u0142ej lub bliskiej perspektywie. I gdzie p\u00f3jd\u0105 w tym roku zbiera\u0107 grzyby na wigili\u0119.<\/p>\n<p>Ta katastrofa ma wielorakie skutki makro i mikro .Jak twierdz\u0105 znawcy przedmiotu jeste\u015bmy \u015bwiadkami kolejnej zmiany klimatu i w\u0142a\u015bciwie trudno wyobrazi\u0107 sobie, co nas jeszcze czeka. Mnie \u017cal zar\u00f3wno pi\u0119knych las\u00f3w jak i grzyb\u00f3w, kt\u00f3re wzd\u0142u\u017c dr\u00f3g tamtego regionu by\u0142y dla mnie pokus\u0105, aby kupi\u0107 jeszcze troch\u0119 dorodnych prawdziwk\u00f3w, jakbym nie mia\u0142a zimowego zapasu z \u201emoich\u201d las\u00f3w.<\/p>\n","protected":false},"excerpt":{"rendered":"<p>Ogl\u0105danie powalonych hektar\u00f3w drzew, to nawet dla os\u00f3b nie maj\u0105cych zwi\u0105zk\u00f3w z lasem jest bardzo trudne. Je\u015bli kto\u015b podr\u00f3\u017cowa\u0142 samochodem przez dotkni\u0119te t\u0105 nawa\u0142\u0105 tereny w poprzednich latach, widzia\u0142 stoj\u0105cych wzd\u0142u\u017c szos sprzedawc\u00f3w tego wszystkiego, co w lesie wyros\u0142o i znajdowa\u0142o szybko ch\u0119tnych nabywc\u00f3w. Pami\u0119tam s\u0142oiki pe\u0142ne dorodnych, pachn\u0105cych poziomek. Nawet je\u015bli zn\u00f3w posadzi si\u0119 [&hellip;]<\/p>\n","protected":false},"author":37,"featured_media":0,"comment_status":"open","ping_status":"closed","sticky":false,"template":"","format":"standard","meta":{"footnotes":""},"categories":[1],"tags":[],"_links":{"self":[{"href":"https:\/\/blog.polityka.pl\/adamczewski\/wp-json\/wp\/v2\/posts\/16697"}],"collection":[{"href":"https:\/\/blog.polityka.pl\/adamczewski\/wp-json\/wp\/v2\/posts"}],"about":[{"href":"https:\/\/blog.polityka.pl\/adamczewski\/wp-json\/wp\/v2\/types\/post"}],"author":[{"embeddable":true,"href":"https:\/\/blog.polityka.pl\/adamczewski\/wp-json\/wp\/v2\/users\/37"}],"replies":[{"embeddable":true,"href":"https:\/\/blog.polityka.pl\/adamczewski\/wp-json\/wp\/v2\/comments?post=16697"}],"version-history":[{"count":1,"href":"https:\/\/blog.polityka.pl\/adamczewski\/wp-json\/wp\/v2\/posts\/16697\/revisions"}],"predecessor-version":[{"id":16698,"href":"https:\/\/blog.polityka.pl\/adamczewski\/wp-json\/wp\/v2\/posts\/16697\/revisions\/16698"}],"wp:attachment":[{"href":"https:\/\/blog.polityka.pl\/adamczewski\/wp-json\/wp\/v2\/media?parent=16697"}],"wp:term":[{"taxonomy":"category","embeddable":true,"href":"https:\/\/blog.polityka.pl\/adamczewski\/wp-json\/wp\/v2\/categories?post=16697"},{"taxonomy":"post_tag","embeddable":true,"href":"https:\/\/blog.polityka.pl\/adamczewski\/wp-json\/wp\/v2\/tags?post=16697"}],"curies":[{"name":"wp","href":"https:\/\/api.w.org\/{rel}","templated":true}]}}