
{"id":16699,"date":"2017-08-19T10:15:12","date_gmt":"2017-08-19T08:15:12","guid":{"rendered":"http:\/\/adamczewski.blog.polityka.pl\/?p=16699"},"modified":"2017-08-19T14:26:57","modified_gmt":"2017-08-19T12:26:57","slug":"na-ryby","status":"publish","type":"post","link":"https:\/\/blog.polityka.pl\/adamczewski\/2017\/08\/19\/na-ryby\/","title":{"rendered":"Na ryby"},"content":{"rendered":"<p class=\"western\">Rozpaczliwie szukam dobrych wiadomo\u015bci. Nie czuje si\u0119 w tym odosobniona, bo w radiu TOK-FM prowadz\u0105cy audycj\u0119 gospodarcz\u0105 te\u017c usilnie dopytuje go\u015bci o dobre wiadomo\u015bci i pozytywne zdziwienia.<\/p>\n<p class=\"western\">Ja pozytywne zdziwienie prze\u017cy\u0142am ostatnio na Mazurach. Sp\u0119dzi\u0142am tam kilka dni na \u0142\u00f3dce i by\u0142am naprawd\u0119 zdziwiona, jak dobrze mo\u017cna nad jeziorami zje\u015b\u0107. Oczywi\u015bcie mn\u00f3stwo jest rozmaitego badziewia, zapiekanek XXL, zapachu starego t\u0142uszczu itd. Ale przy odrobinie wysi\u0142ku w ka\u017cdym odwiedzanym miejscu uda\u0142o nam si\u0119 znale\u017a\u0107 knajpk\u0119 w kt\u00f3rej jedzenie by\u0142o naprawd\u0119 smaczne.<\/p>\n<p class=\"western\"><a href=\"\/wp-content\/uploads\/2017\/08\/20170813_112750.jpg\"><img loading=\"lazy\" decoding=\"async\" class=\"alignnone size-large wp-image-16701\" src=\"\/wp-content\/uploads\/2017\/08\/20170813_112750-1024x576.jpg\" alt=\"\" width=\"620\" height=\"349\" srcset=\"\/adamczewski\/wp-content\/uploads\/2017\/08\/20170813_112750-1024x576.jpg 1024w, \/adamczewski\/wp-content\/uploads\/2017\/08\/20170813_112750-300x169.jpg 300w, \/adamczewski\/wp-content\/uploads\/2017\/08\/20170813_112750-768x432.jpg 768w\" sizes=\"(max-width: 620px) 100vw, 620px\" \/><\/a><\/p>\n<p class=\"western\">Jadali\u015bmy oczywi\u015bcie ryby, a czasami wzorem Starszych Pan\u00f3w \u201eryby w grzybach\u201d. W wi\u0119kszo\u015bci miejsc zamawiali\u015bmy pierogi z ryb\u0105 i musz\u0119 przyzna\u0107, \u017ce ani razu si\u0119 nie zawiedli\u015bmy. Trwaj\u0105 tylko rodzinne dyskusje, bo ja uwa\u017cam, \u017ce lepsze by\u0142y w restauracji Promenada w Miko\u0142ajkach (gdzie dodatkow\u0105 atrakcj\u0105 by\u0142 pan z gitar\u0105 fantastycznie \u015bpiewaj\u0105cy szanty), a m\u0105\u017c, \u017ce w Ry\u0144skim M\u0142ynie w Rynie.<\/p>\n<p class=\"western\">M\u0105\u017c uwielbia sielawy, kt\u00f3rej to nami\u0119tno\u015bci do ko\u0144ca nie rozumiem. Spr\u00f3bowali\u015bmy te\u017c czego\u015b dla mnie nowego, czyli sma\u017conych stynek. Wy\u015bmienite. Pami\u0119ta\u0142am je od innej, niekulinarnej strony. \u0141owili\u015bmy je podczas studi\u00f3w na biologii na \u0107wiczeniach terenowych, w jaki\u015b celach badawczych, kt\u00f3rych dzi\u015b nie pomn\u0119. Wraca jedynie wspomnienie charakterystycznego dla tych rybek zapachu \u015bwie\u017cych og\u00f3rk\u00f3w.<\/p>\n<p class=\"western\">Ale \u017ceby nie by\u0142o tak ca\u0142kiem r\u00f3\u017cowo dodam odrobin\u0119 martyrologii. Dwa dni sp\u0119dzone z dala od cywilizacji na Jeziorze Nidzkim prze\u017cyli\u015bmy co prawda r\u00f3wnie\u017c na \u201enap\u0119dzie\u201d rybnym, ale by\u0142y to ryby z puszki jedzone z chlebem.<\/p>\n","protected":false},"excerpt":{"rendered":"<p>Rozpaczliwie szukam dobrych wiadomo\u015bci. Nie czuje si\u0119 w tym odosobniona, bo w radiu TOK-FM prowadz\u0105cy audycj\u0119 gospodarcz\u0105 te\u017c usilnie dopytuje go\u015bci o dobre wiadomo\u015bci i pozytywne zdziwienia. Ja pozytywne zdziwienie prze\u017cy\u0142am ostatnio na Mazurach. Sp\u0119dzi\u0142am tam kilka dni na \u0142\u00f3dce i by\u0142am naprawd\u0119 zdziwiona, jak dobrze mo\u017cna nad jeziorami zje\u015b\u0107. Oczywi\u015bcie mn\u00f3stwo jest rozmaitego badziewia, [&hellip;]<\/p>\n","protected":false},"author":38,"featured_media":0,"comment_status":"open","ping_status":"closed","sticky":false,"template":"","format":"standard","meta":{"footnotes":""},"categories":[1],"tags":[],"_links":{"self":[{"href":"https:\/\/blog.polityka.pl\/adamczewski\/wp-json\/wp\/v2\/posts\/16699"}],"collection":[{"href":"https:\/\/blog.polityka.pl\/adamczewski\/wp-json\/wp\/v2\/posts"}],"about":[{"href":"https:\/\/blog.polityka.pl\/adamczewski\/wp-json\/wp\/v2\/types\/post"}],"author":[{"embeddable":true,"href":"https:\/\/blog.polityka.pl\/adamczewski\/wp-json\/wp\/v2\/users\/38"}],"replies":[{"embeddable":true,"href":"https:\/\/blog.polityka.pl\/adamczewski\/wp-json\/wp\/v2\/comments?post=16699"}],"version-history":[{"count":3,"href":"https:\/\/blog.polityka.pl\/adamczewski\/wp-json\/wp\/v2\/posts\/16699\/revisions"}],"predecessor-version":[{"id":16703,"href":"https:\/\/blog.polityka.pl\/adamczewski\/wp-json\/wp\/v2\/posts\/16699\/revisions\/16703"}],"wp:attachment":[{"href":"https:\/\/blog.polityka.pl\/adamczewski\/wp-json\/wp\/v2\/media?parent=16699"}],"wp:term":[{"taxonomy":"category","embeddable":true,"href":"https:\/\/blog.polityka.pl\/adamczewski\/wp-json\/wp\/v2\/categories?post=16699"},{"taxonomy":"post_tag","embeddable":true,"href":"https:\/\/blog.polityka.pl\/adamczewski\/wp-json\/wp\/v2\/tags?post=16699"}],"curies":[{"name":"wp","href":"https:\/\/api.w.org\/{rel}","templated":true}]}}