
{"id":1671,"date":"2010-04-22T08:01:36","date_gmt":"2010-04-22T06:01:36","guid":{"rendered":"http:\/\/adamczewski.blog.polityka.pl\/?p=1671"},"modified":"2010-04-21T14:25:38","modified_gmt":"2010-04-21T12:25:38","slug":"jak-oni-slodko-zyja","status":"publish","type":"post","link":"https:\/\/blog.polityka.pl\/adamczewski\/2010\/04\/22\/jak-oni-slodko-zyja\/","title":{"rendered":"Jak oni s\u0142odko \u017cyj\u0105!"},"content":{"rendered":"<p><a href=\"\/wp-content\/uploads\/2010\/04\/slodka-monika-p4210018.jpg\"><\/a><\/p>\n<p>Przed paroma miesi\u0105cami, a dok\u0142adniej\u00a0 w czerwcu ubieg\u0142ego roku, zachwyca\u0142em si\u0119 tu ksi\u0105\u017ck\u0105 Moniki Mrozowskiej-Szaci\u0142\u0142o i Macieja Szaci\u0142\u0142o pt. &#8222;W poszukiwaniu marchewki, groszku i soczewicy&#8221;. Cieszy\u0142em si\u0119, \u017ce ukaza\u0142a si\u0119 fajna i pi\u0119knie zilustrowana ksi\u0105\u017cka propaguj\u0105ca urok wsp\u00f3lnego, rodzinnego gotowania. Od tamtego czasu wiele z przepis\u00f3w Moniki i Macieja trafi\u0142o na sta\u0142e na nasz rodzinny st\u00f3\u0142. Tymczasem za\u015b autorzy nie marnowali czasu i wydali kolejn\u0105 ksi\u0105\u017ck\u0119. Jest ona jeszcze efektowniej wydana, ale to \u0142atwe. Po prostu Monika jest coraz pi\u0119kniejsza, a Maciej przystojniejszy i bardziej m\u0119ski. W dodatku obydwoje zapewniaja czytelnik\u00f3w\u00a0&#8211; i ja im wierz\u0119\u00a0&#8211; \u017ce wsp\u00f3lne gotowanie ma sw\u00f3j niepowtarzalny urok.<br \/>\n&#8222;48 s\u0142odkich przepis\u00f3w&#8221; ma swoje dwie strony (patrzcie na ok\u0142adki). Z jednej autorka prezentuje w\u0142asne dokonania i twierdzi, i\u017c nic tak nie przywi\u0105zuje m\u0119\u017cczyzny jak podawanie mu s\u0142odyczy. I to (plus 24 przepisy) znajdziemy w cz\u0119\u015bci\u00a0 pt. &#8222;fajna babka&#8221;. Po odwr\u00f3ceniu ksi\u0105\u017cki o 180 stopni zobaczymy drug\u0105\u00a0zatytu\u0142owan\u0105 &#8222;ale ciacho&#8221; z kolejnymi 24 przepisami ale tym razem przyrz\u0105dzanymi dla ukochanej kobiety.<\/p>\n<p>Mnie z obu propozycji najbardziej spodoba\u0142y si\u0119 piero\u017cki z rabarbarem i kruszonka z malinami. Nic prostszego nie mo\u017cna zrobi\u0107. A rezultat&#8230;<br \/>\nA tak o swojej ksi\u0105\u017cce pisz\u0105 autorzy:<\/p>\n<p><img loading=\"lazy\" decoding=\"async\" class=\"aligncenter size-medium wp-image-1672\" title=\"slodka-monika-p4210018\" src=\"\/wp-content\/uploads\/2010\/04\/slodka-monika-p4210018-225x300.jpg\" alt=\"\" width=\"225\" height=\"300\" srcset=\"\/adamczewski\/wp-content\/uploads\/2010\/04\/slodka-monika-p4210018-225x300.jpg 225w, \/adamczewski\/wp-content\/uploads\/2010\/04\/slodka-monika-p4210018.jpg 480w\" sizes=\"(max-width: 225px) 100vw, 225px\" \/><br \/>\nMonika\u00a0&#8211; &#8222;Uwielbiam wszystko, co jest zwi\u0105zane z kuchni\u0105. Wyszukiwanie nowych sk\u0142adnik\u00f3w, eksperymentowanie, podpatrywanie jak gotuj\u0105 inni. Lubi\u0119 domowe posi\u0142ki. Wsp\u00f3lne \u015bniadania, obiady i kolacje. Ale czym by\u0142by niedzielny obiad lub romantyczna kolacja bez odrobiny s\u0142odyczy? Wiem, wiem, wszyscy m\u00f3wi\u0105, \u017ce s\u0142odycze s\u0105 niezdrowe. Tylko czy ciastko, kt\u00f3re p\u0119ka w szwach od malin, lody ze \u015bwie\u017cymi winogronami albo piero\u017cki wype\u0142nione soczystymi gruszkami mog\u0105 nam zrobi\u0107 krzywd\u0119. Nie s\u0105dz\u0119,<br \/>\n(&#8230;) Mo\u017ce czasami zamiast nerwowo biega\u0107 po mie\u015bcie w poszukiwaniu kolej-nych niewygodnych but\u00f3w na obcasie, na kt\u00f3re on i tak nie zwr\u00f3ci uwagi, lepiej zaszy\u0107 si\u0119 w kuchni i wyczarowa\u0107 co\u015b niezwyk\u0142ego, Efekty? Gwarantuj\u0119.<br \/>\nPowodzenia.&#8221;<\/p>\n<p><img loading=\"lazy\" decoding=\"async\" class=\"aligncenter size-medium wp-image-1673\" title=\"slodki-maciej-p4210019\" src=\"\/wp-content\/uploads\/2010\/04\/slodki-maciej-p4210019-225x300.jpg\" alt=\"\" width=\"225\" height=\"300\" srcset=\"\/adamczewski\/wp-content\/uploads\/2010\/04\/slodki-maciej-p4210019-225x300.jpg 225w, \/adamczewski\/wp-content\/uploads\/2010\/04\/slodki-maciej-p4210019.jpg 480w\" sizes=\"(max-width: 225px) 100vw, 225px\" \/><br \/>\nMaciej za\u015b\u00a0&#8211; &#8222;Lato, rower, koszyk, koc. Zrobi\u0119 niespodziank\u0119 Monice i wybierzemy si\u0119 na piknik. Przyda\u0142oby si\u0119 zaopatrzy\u0107 w jaki\u015b prowiant.<br \/>\n(&#8230;) udaj\u0119 si\u0119 na bazarek. Od zapach\u00f3w i kolor\u00f3w a\u017c g\u0142owa boli. Nie wiem na co si\u0119 zdecydowa\u0107, wi\u0119c owoce kupuj\u0119 w hurtowych ilo\u015bciach. Porzeczki, winogrona, \u015bliwki, bor\u00f3wki, truskawki, maliny, jagody, Kto to wszystko zje? Znam tak\u0105 jedn\u0105. Samodzielne przygotowanie ciasta ze \u015bwie\u017cymi owocami, lod\u00f3w, galaretek lub innych deser\u00f3w naprawd\u0119 nie jest trudne, a z pewno\u015bci\u0105 rozczuli ukochan\u0105 osob\u0119. Kto powiedzia\u0142, \u017ce to kobiety maj\u0105 gotowa\u0107? Panowie! Do kuchni! Wy przygotujcie deser, a panie zajm\u0105 si\u0119 reszt\u0105.<br \/>\nPowodzenia.&#8221;<br \/>\nZnacie ju\u017c kulisy powstania tego dzie\u0142ka. Kto\u015b z Was za\u015b b\u0119dzie mia\u0142 okazj\u0119 zg\u0142\u0119bi\u0107 ca\u0142o\u015b\u0107. W kolejn\u0105 \u015brod\u0119 s\u0142odka ksi\u0105\u017cka b\u0119dzie bowiem nagrod\u0105 w naszym cotygodniowym quizie. Tymczasem za\u015b autorom gratuluj\u0119 i ciesz\u0119 si\u0119, \u017ce s\u0105 i inne stad\u0142a (a nie tylko Adamczewscy.pl) czerpi\u0105cy urok \u017cycia tak\u017ce i z kuchni.<\/p>\n","protected":false},"excerpt":{"rendered":"<p>Przed paroma miesi\u0105cami, a dok\u0142adniej\u00a0 w czerwcu ubieg\u0142ego roku, zachwyca\u0142em si\u0119 tu ksi\u0105\u017ck\u0105 Moniki Mrozowskiej-Szaci\u0142\u0142o i Macieja Szaci\u0142\u0142o pt. &#8222;W poszukiwaniu marchewki, groszku i soczewicy&#8221;. Cieszy\u0142em si\u0119, \u017ce ukaza\u0142a si\u0119 fajna i pi\u0119knie zilustrowana ksi\u0105\u017cka propaguj\u0105ca urok wsp\u00f3lnego, rodzinnego gotowania. Od tamtego czasu wiele z przepis\u00f3w Moniki i Macieja trafi\u0142o na sta\u0142e na nasz rodzinny [&hellip;]<\/p>\n","protected":false},"author":2,"featured_media":0,"comment_status":"open","ping_status":"open","sticky":false,"template":"","format":"standard","meta":{"footnotes":""},"categories":[1],"tags":[],"_links":{"self":[{"href":"https:\/\/blog.polityka.pl\/adamczewski\/wp-json\/wp\/v2\/posts\/1671"}],"collection":[{"href":"https:\/\/blog.polityka.pl\/adamczewski\/wp-json\/wp\/v2\/posts"}],"about":[{"href":"https:\/\/blog.polityka.pl\/adamczewski\/wp-json\/wp\/v2\/types\/post"}],"author":[{"embeddable":true,"href":"https:\/\/blog.polityka.pl\/adamczewski\/wp-json\/wp\/v2\/users\/2"}],"replies":[{"embeddable":true,"href":"https:\/\/blog.polityka.pl\/adamczewski\/wp-json\/wp\/v2\/comments?post=1671"}],"version-history":[{"count":0,"href":"https:\/\/blog.polityka.pl\/adamczewski\/wp-json\/wp\/v2\/posts\/1671\/revisions"}],"wp:attachment":[{"href":"https:\/\/blog.polityka.pl\/adamczewski\/wp-json\/wp\/v2\/media?parent=1671"}],"wp:term":[{"taxonomy":"category","embeddable":true,"href":"https:\/\/blog.polityka.pl\/adamczewski\/wp-json\/wp\/v2\/categories?post=1671"},{"taxonomy":"post_tag","embeddable":true,"href":"https:\/\/blog.polityka.pl\/adamczewski\/wp-json\/wp\/v2\/tags?post=1671"}],"curies":[{"name":"wp","href":"https:\/\/api.w.org\/{rel}","templated":true}]}}