
{"id":16712,"date":"2017-09-05T09:53:28","date_gmt":"2017-09-05T07:53:28","guid":{"rendered":"http:\/\/adamczewski.blog.polityka.pl\/?p=16712"},"modified":"2017-09-05T09:53:28","modified_gmt":"2017-09-05T07:53:28","slug":"w-przestrzeni","status":"publish","type":"post","link":"https:\/\/blog.polityka.pl\/adamczewski\/2017\/09\/05\/w-przestrzeni\/","title":{"rendered":"W przestrzeni"},"content":{"rendered":"<p>Otrzyma\u0142am zaproszenie do obejrzenia nowej \u201eprzestrzeni kulinarnej\u201d (czyli sali przeznaczonej na pokazy kulinarne), kt\u00f3r\u0105 firma Samsung otworzy\u0142a w\u0142a\u015bnie w\u015br\u00f3d nowoczesnych budynk\u00f3w Wilanowa. Odby\u0142 si\u0119 tam pokaz przyrz\u0105dzania potraw przez jednego z najbardziej znanych na \u015bwiecie kucharzy, zdobywcy dw\u00f3ch gwiazdek Michelina, Michela Roux Jr. Dania przygotowane przez niego by\u0142y malownicze, a jak zapewni\u0142 mnie uczestnicz\u0105cy w pokazie gotuj\u0105cy 12-latek, m\u00f3j najbli\u017cszy s\u0105siad podczas pokazu \u2013 smakowite. Nie wszyscy bowiem pr\u00f3bowali tych smako\u0142yk\u00f3w, nie o to chodzi\u0142o. Mnie na przyk\u0142ad bardziej zale\u017ca\u0142o na tym, aby us\u0142ysze\u0107 wszystko, co m\u00f3wi\u0142 pan Roux. A opowiada\u0142 te\u017c smakowicie.<\/p>\n<p>Przede wszystkim przedstawi\u0142 si\u0119, jako kolejne pokolenie gotuj\u0105cej zawodowo rodziny. Jego dziadek, ojciec, stryjowie, on i jego c\u00f3rka to jak na razie ca\u0142o\u015b\u0107 klanu. Gotuj\u0105 i zarz\u0105dzaj\u0105 restauracjami, zar\u00f3wno we Francji, jak we W\u0142oszech i Ameryce. Obecnie podr\u00f3\u017cuje po \u015bwiecie opowiadaj\u0105c o gotowaniu oraz gotuj\u0105c, jakby odgrywa\u0142 dobre przedstawienie. Zawsze uwa\u017ca\u0142am, \u017ce rodzinne zainteresowanie si\u0119 jak\u0105\u015b dziedzin\u0105 stwarza dodatkowe mo\u017cliwo\u015bci i jest godne najwy\u017cszego podziwu, pochwa\u0142y i zazdro\u015bci. Zdrowy nepotyzm (oksymoron?), tak bym nazwa\u0142a to zjawisko, kt\u00f3re tak\u017ce w Polskiej historii znaczy\u0142o wiele. I \u017cal, \u017ce podobno obecnie jednym z problem\u00f3w biznesu jest brak rodzinnych nast\u0119pc\u00f3w.<\/p>\n<p>A co do samego Samsunga \u2013 czy trzeba w og\u00f3le m\u00f3wi\u0107 o l\u015bni\u0105cych p\u0142ytach, przepa\u015bcistych funkcjonalnych lod\u00f3wkach, kt\u00f3re przecie\u017c znajduj\u0105 si\u0119 w wielu polskich domach. Dla mnie spo\u015br\u00f3d wszystkich sprz\u0119t\u00f3w najbardziej interesuj\u0105ce by\u0142y piekarniki, w kt\u00f3rych na dw\u00f3ch poziomach, w r\u00f3\u017cnych temperaturach mo\u017cna piec dwie potrawy jednocze\u015bnie. To naprawd\u0119 pi\u0119kna perspektywa na nast\u0119pny zakup.<\/p>\n<p>&nbsp;<\/p>\n","protected":false},"excerpt":{"rendered":"<p>Otrzyma\u0142am zaproszenie do obejrzenia nowej \u201eprzestrzeni kulinarnej\u201d (czyli sali przeznaczonej na pokazy kulinarne), kt\u00f3r\u0105 firma Samsung otworzy\u0142a w\u0142a\u015bnie w\u015br\u00f3d nowoczesnych budynk\u00f3w Wilanowa. Odby\u0142 si\u0119 tam pokaz przyrz\u0105dzania potraw przez jednego z najbardziej znanych na \u015bwiecie kucharzy, zdobywcy dw\u00f3ch gwiazdek Michelina, Michela Roux Jr. Dania przygotowane przez niego by\u0142y malownicze, a jak zapewni\u0142 mnie uczestnicz\u0105cy w [&hellip;]<\/p>\n","protected":false},"author":37,"featured_media":0,"comment_status":"open","ping_status":"closed","sticky":false,"template":"","format":"standard","meta":{"footnotes":""},"categories":[1],"tags":[],"_links":{"self":[{"href":"https:\/\/blog.polityka.pl\/adamczewski\/wp-json\/wp\/v2\/posts\/16712"}],"collection":[{"href":"https:\/\/blog.polityka.pl\/adamczewski\/wp-json\/wp\/v2\/posts"}],"about":[{"href":"https:\/\/blog.polityka.pl\/adamczewski\/wp-json\/wp\/v2\/types\/post"}],"author":[{"embeddable":true,"href":"https:\/\/blog.polityka.pl\/adamczewski\/wp-json\/wp\/v2\/users\/37"}],"replies":[{"embeddable":true,"href":"https:\/\/blog.polityka.pl\/adamczewski\/wp-json\/wp\/v2\/comments?post=16712"}],"version-history":[{"count":1,"href":"https:\/\/blog.polityka.pl\/adamczewski\/wp-json\/wp\/v2\/posts\/16712\/revisions"}],"predecessor-version":[{"id":16713,"href":"https:\/\/blog.polityka.pl\/adamczewski\/wp-json\/wp\/v2\/posts\/16712\/revisions\/16713"}],"wp:attachment":[{"href":"https:\/\/blog.polityka.pl\/adamczewski\/wp-json\/wp\/v2\/media?parent=16712"}],"wp:term":[{"taxonomy":"category","embeddable":true,"href":"https:\/\/blog.polityka.pl\/adamczewski\/wp-json\/wp\/v2\/categories?post=16712"},{"taxonomy":"post_tag","embeddable":true,"href":"https:\/\/blog.polityka.pl\/adamczewski\/wp-json\/wp\/v2\/tags?post=16712"}],"curies":[{"name":"wp","href":"https:\/\/api.w.org\/{rel}","templated":true}]}}