
{"id":16716,"date":"2017-09-12T11:37:43","date_gmt":"2017-09-12T09:37:43","guid":{"rendered":"http:\/\/adamczewski.blog.polityka.pl\/?p=16716"},"modified":"2017-09-12T11:37:43","modified_gmt":"2017-09-12T09:37:43","slug":"jedzenie-na-wlasciwym-tle","status":"publish","type":"post","link":"https:\/\/blog.polityka.pl\/adamczewski\/2017\/09\/12\/jedzenie-na-wlasciwym-tle\/","title":{"rendered":"Jedzenie na w\u0142a\u015bciwym tle"},"content":{"rendered":"<p class=\"western\"><span style=\"font-family: Arial,sans-serif;\"><span style=\"font-size: large;\">Na pewno w ostatni weekend zyska\u0142o ono t\u0142o idealne: Ogr\u00f3d Botaniczny Uniwersytetu Warszawskiego. Tam odby\u0142 si\u0119 Festiwal Kulinarny. Wiele doskona\u0142ego jedzenia, dobrych win, piw, miod\u00f3w, da\u0144, owoc\u00f3w, warzyw, kwiat\u00f3w, zi\u00f3\u0142. I co\u015b, co mnie najbardziej ucieszy\u0142o: stoisko z porcelan\u0105. Opr\u00f3cz jak najbardziej wsp\u00f3\u0142czesnej ceramiki, mo\u017cna by\u0142o kupi\u0107 porcelan\u0119 z lat 60, kt\u00f3ra staje si\u0119 znowu bardzo modna,. <\/span><\/span><\/p>\n<p class=\"western\"><span style=\"font-family: Arial,sans-serif;\"><span style=\"font-size: large;\">Jestem nami\u0119tn\u0105 wielbicielk\u0105 pi\u0119knej porcelany, fajansu; wol\u0119 odm\u00f3wi\u0107 sobie czego\u015b innego, aby pi\u0119kna fili\u017canka za spor\u0105 kwot\u0119 trafi\u0142a do mojej szafki. Jednak okres lat 60-tych, porcelana, kt\u00f3ra towarzyszy\u0142a mi od zawsze, nie jest dla mnie \u0142akomym k\u0105skiem. Wiem jednak, \u017ce wiele os\u00f3b kolekcjonuje w\u0142a\u015bnie takie przedmioty. Gdyby kto\u015b zajrza\u0142 do mojej szafki trafi tak\u017ce i na resztki serwisu z lat 60-tych, jakie\u015b pojedyncze fili\u017canki, na kt\u00f3re patrz\u0119 coraz bardziej \u0142askawym okiem, ale nie do tego jednak stopnia, aby s\u0105siadowa\u0142y z XIX wiekiem.<\/span><\/span><\/p>\n<p class=\"western\"><span style=\"font-family: Arial,sans-serif;\"><span style=\"font-size: large;\">A jednak doradzam wszystkim spojrzenie na domowe szafki i kredensy, mo\u017ce znajdziecie tam porcelan\u0119 po rodzicach i dziadkach. Je\u015bli znajdziecie stare figurki z \u0106mielowa, talerzyki, patery, projektowane przez doskona\u0142ych projektant\u00f3w, warto wystawi\u0107 je na \u015bwiat\u0142o dzienne.<\/span><\/span><\/p>\n<p class=\"western\"><span style=\"font-family: Arial,sans-serif;\"><span style=\"font-size: large;\">Ale je\u015bli my\u015blicie, \u017ce refleksja taka by\u0142a jedynym po\u017cytkiem p\u0142yn\u0105cym z mojej wizyty na Festiwalu to jeste\u015bcie w b\u0142\u0119dzie. Kupi\u0142am tak\u017ce na bu\u0142garskim stoisku konfitur\u0119 z r\u00f3\u017cy do moich rogalik\u00f3w i czerwone wino, kupa\u017c, mieszank\u0119 Cabernet\u00f3w i Merlota, kt\u00f3ry z obiadow\u0105 kaczk\u0105 smakowa\u0142 doskonale. My\u015bl\u0119, \u017ce m\u00f3g\u0142 wchodzi\u0107 w konkurencj\u0119 z francuskimi winami. Przynajmniej tak uwa\u017cali biesiadnicy. No i na zako\u0144czenie kawa tym razem by\u0142a w niedobitkach starego serwisu.<\/span><\/span><\/p>\n","protected":false},"excerpt":{"rendered":"<p>Na pewno w ostatni weekend zyska\u0142o ono t\u0142o idealne: Ogr\u00f3d Botaniczny Uniwersytetu Warszawskiego. Tam odby\u0142 si\u0119 Festiwal Kulinarny. Wiele doskona\u0142ego jedzenia, dobrych win, piw, miod\u00f3w, da\u0144, owoc\u00f3w, warzyw, kwiat\u00f3w, zi\u00f3\u0142. I co\u015b, co mnie najbardziej ucieszy\u0142o: stoisko z porcelan\u0105. Opr\u00f3cz jak najbardziej wsp\u00f3\u0142czesnej ceramiki, mo\u017cna by\u0142o kupi\u0107 porcelan\u0119 z lat 60, kt\u00f3ra staje si\u0119 znowu [&hellip;]<\/p>\n","protected":false},"author":37,"featured_media":0,"comment_status":"open","ping_status":"closed","sticky":false,"template":"","format":"standard","meta":{"footnotes":""},"categories":[1],"tags":[],"_links":{"self":[{"href":"https:\/\/blog.polityka.pl\/adamczewski\/wp-json\/wp\/v2\/posts\/16716"}],"collection":[{"href":"https:\/\/blog.polityka.pl\/adamczewski\/wp-json\/wp\/v2\/posts"}],"about":[{"href":"https:\/\/blog.polityka.pl\/adamczewski\/wp-json\/wp\/v2\/types\/post"}],"author":[{"embeddable":true,"href":"https:\/\/blog.polityka.pl\/adamczewski\/wp-json\/wp\/v2\/users\/37"}],"replies":[{"embeddable":true,"href":"https:\/\/blog.polityka.pl\/adamczewski\/wp-json\/wp\/v2\/comments?post=16716"}],"version-history":[{"count":1,"href":"https:\/\/blog.polityka.pl\/adamczewski\/wp-json\/wp\/v2\/posts\/16716\/revisions"}],"predecessor-version":[{"id":16717,"href":"https:\/\/blog.polityka.pl\/adamczewski\/wp-json\/wp\/v2\/posts\/16716\/revisions\/16717"}],"wp:attachment":[{"href":"https:\/\/blog.polityka.pl\/adamczewski\/wp-json\/wp\/v2\/media?parent=16716"}],"wp:term":[{"taxonomy":"category","embeddable":true,"href":"https:\/\/blog.polityka.pl\/adamczewski\/wp-json\/wp\/v2\/categories?post=16716"},{"taxonomy":"post_tag","embeddable":true,"href":"https:\/\/blog.polityka.pl\/adamczewski\/wp-json\/wp\/v2\/tags?post=16716"}],"curies":[{"name":"wp","href":"https:\/\/api.w.org\/{rel}","templated":true}]}}