
{"id":1674,"date":"2010-04-28T08:00:47","date_gmt":"2010-04-28T06:00:47","guid":{"rendered":"http:\/\/adamczewski.blog.polityka.pl\/?p=1674"},"modified":"2010-04-25T16:37:56","modified_gmt":"2010-04-25T14:37:56","slug":"zgadnij-co-gotujemy34-b","status":"publish","type":"post","link":"https:\/\/blog.polityka.pl\/adamczewski\/2010\/04\/28\/zgadnij-co-gotujemy34-b\/","title":{"rendered":"Zgadnij co gotujemy(34 B)"},"content":{"rendered":"<p><a href=\"\/wp-content\/uploads\/2010\/04\/slodki-maciej-p42100191.jpg\"><img loading=\"lazy\" decoding=\"async\" class=\"alignright size-medium wp-image-1676\" title=\"slodki-maciej-p42100191\" src=\"\/wp-content\/uploads\/2010\/04\/slodki-maciej-p42100191-225x300.jpg\" alt=\"\" width=\"225\" height=\"300\" srcset=\"\/adamczewski\/wp-content\/uploads\/2010\/04\/slodki-maciej-p42100191-225x300.jpg 225w, \/adamczewski\/wp-content\/uploads\/2010\/04\/slodki-maciej-p42100191.jpg 480w\" sizes=\"(max-width: 225px) 100vw, 225px\" \/><\/a><a href=\"\/wp-content\/uploads\/2010\/04\/slodka-monika-p42100181.jpg\"><img loading=\"lazy\" decoding=\"async\" class=\"alignleft size-medium wp-image-1675\" title=\"slodka-monika-p42100181\" src=\"\/wp-content\/uploads\/2010\/04\/slodka-monika-p42100181-225x300.jpg\" alt=\"\" width=\"225\" height=\"300\" srcset=\"\/adamczewski\/wp-content\/uploads\/2010\/04\/slodka-monika-p42100181-225x300.jpg 225w, \/adamczewski\/wp-content\/uploads\/2010\/04\/slodka-monika-p42100181.jpg 480w\" sizes=\"(max-width: 225px) 100vw, 225px\" \/><\/a>\u00a0Tym razem nagroda znana ju\u017c od kilku dni. Zapowiedziana i opisana ksi\u0105\u017cka Moniki i Macieja. Przez te kilka dni zd\u0105\u017cy\u0142em\u00a0nafaszerowa\u0107 swoj\u0105 rodzin\u0119 ich przepisami, ale nikt nie protestowa\u0142. Czyli warto z tej &#8222;\u015bci\u0105gawki&#8221; korzysta\u0107. Postaram si\u0119 dostosowa\u0107 pytania do nagrody. Oj, b\u0119dzie s\u0142odko.\u00a0 Ksi\u0105\u017ck\u0119 za\u015b otrzyma ten, kto pierwszy przy\u015ble odpowied\u017a na trzy pytania na adres <a href=\"mailto:internet@polityka.com.pl\">internet@polityka.com.pl<\/a><br \/>\nA oto pytania konkursowe:<\/p>\n<p>1\u00a0&#8211; Co kryje si\u0119 za nazw\u0105 mazagran ?<\/p>\n<p>2\u00a0&#8211; Polski sos szodonowy jest kuzynem s\u0142ynnego w\u0142oskiego deseru ? a jakiego?<\/p>\n<p>3\u00a0&#8211; Wyrabiany z miodu, orzech\u00f3w, migda\u0142\u00f3w i bia\u0142ek nugat ma d\u0142ug\u0105 histori\u0119; jak si\u0119 nazywa\u0142 i gdzie powsta\u0142 pierwowz\u00f3r tego s\u0142odkiego deseru?<\/p>\n<p>Chyba nie przesadzi\u0142em w skali trudno\u015bci. A s\u0142abo zorientowanych w tradycji odsy\u0142am do starych ksi\u0105\u017cek kucharskich. I do komputer\u00f3w. Czekam na odpowiedzi.<\/p>\n<p>\u00a0<\/p>\n","protected":false},"excerpt":{"rendered":"<p>\u00a0Tym razem nagroda znana ju\u017c od kilku dni. Zapowiedziana i opisana ksi\u0105\u017cka Moniki i Macieja. Przez te kilka dni zd\u0105\u017cy\u0142em\u00a0nafaszerowa\u0107 swoj\u0105 rodzin\u0119 ich przepisami, ale nikt nie protestowa\u0142. Czyli warto z tej &#8222;\u015bci\u0105gawki&#8221; korzysta\u0107. Postaram si\u0119 dostosowa\u0107 pytania do nagrody. Oj, b\u0119dzie s\u0142odko.\u00a0 Ksi\u0105\u017ck\u0119 za\u015b otrzyma ten, kto pierwszy przy\u015ble odpowied\u017a na trzy pytania na [&hellip;]<\/p>\n","protected":false},"author":2,"featured_media":0,"comment_status":"open","ping_status":"open","sticky":false,"template":"","format":"standard","meta":{"footnotes":""},"categories":[1],"tags":[],"_links":{"self":[{"href":"https:\/\/blog.polityka.pl\/adamczewski\/wp-json\/wp\/v2\/posts\/1674"}],"collection":[{"href":"https:\/\/blog.polityka.pl\/adamczewski\/wp-json\/wp\/v2\/posts"}],"about":[{"href":"https:\/\/blog.polityka.pl\/adamczewski\/wp-json\/wp\/v2\/types\/post"}],"author":[{"embeddable":true,"href":"https:\/\/blog.polityka.pl\/adamczewski\/wp-json\/wp\/v2\/users\/2"}],"replies":[{"embeddable":true,"href":"https:\/\/blog.polityka.pl\/adamczewski\/wp-json\/wp\/v2\/comments?post=1674"}],"version-history":[{"count":0,"href":"https:\/\/blog.polityka.pl\/adamczewski\/wp-json\/wp\/v2\/posts\/1674\/revisions"}],"wp:attachment":[{"href":"https:\/\/blog.polityka.pl\/adamczewski\/wp-json\/wp\/v2\/media?parent=1674"}],"wp:term":[{"taxonomy":"category","embeddable":true,"href":"https:\/\/blog.polityka.pl\/adamczewski\/wp-json\/wp\/v2\/categories?post=1674"},{"taxonomy":"post_tag","embeddable":true,"href":"https:\/\/blog.polityka.pl\/adamczewski\/wp-json\/wp\/v2\/tags?post=1674"}],"curies":[{"name":"wp","href":"https:\/\/api.w.org\/{rel}","templated":true}]}}