
{"id":16761,"date":"2017-11-11T07:39:07","date_gmt":"2017-11-11T06:39:07","guid":{"rendered":"http:\/\/adamczewski.blog.polityka.pl\/?p=16761"},"modified":"2017-11-11T07:39:07","modified_gmt":"2017-11-11T06:39:07","slug":"czysta-oszczednosc","status":"publish","type":"post","link":"https:\/\/blog.polityka.pl\/adamczewski\/2017\/11\/11\/czysta-oszczednosc\/","title":{"rendered":"Czysta oszcz\u0119dno\u015b\u0107"},"content":{"rendered":"<p>Co najbardziej warto oszcz\u0119dza\u0107? Najbardziej ceni\u0119 sobie oszcz\u0119dzanie czasu i zdrowia. Zw\u0142aszcza oszcz\u0119dzanie czasu zawsze mnie kusi i to bardzo.<br \/>\nOstatnio zaproszono mnie na warsztaty gotowania w urz\u0105dzeniu Kohersen MyCook. Co tu du\u017co m\u00f3wi\u0107, ma\u0142e, estetyczne urz\u0105dzenie, kt\u00f3re wykona za mnie wiele czasoch\u0142onnych prac, zawsze mo\u017ce liczy\u0107 na moj\u0105 \u017cyczliwo\u015b\u0107. Maj\u0105c w kuchni taki niewielki robot mo\u017cemy schowa\u0107 g\u0142\u0119boko co najmniej 2-3 garnki, mikser, malakser, misk\u0119 do wyrabiania ciast, parowar, ale tak\u017ce nie u\u017cywa\u0107 zbyt cz\u0119sto kuchenki. Aha, przygotowywane jedzenie nie przypali si\u0119 (cho\u0107 istniej\u0105 osoby, kt\u00f3re zawsze potrafi\u0105 to zrobi\u0107, ale tu by\u0142oby niezwykle trudno).<br \/>\nTo urz\u0105dzenie to garnek (wraz z dodatkowymi elementami) umieszczony w korpusie, na kt\u00f3rego ekranie nastawia si\u0119 zar\u00f3wno czas i temperatur\u0119, jak i wyznacza si\u0119 spos\u00f3b i szybko\u015b\u0107 przyrz\u0105dzania potraw. Co mo\u017cna w tym czarodziejskim garnku przygotowa\u0107? Zupy, farsze, sa\u0142atki, sur\u00f3wki, ciasta, kremy, konfitury, chleb, mas\u0142o, zwyczajne i smakowe i wiele jeszcze pyszno\u015bci, tak\u017ce ciasto na pierogi, oraz mi\u0119so i ryby na parze. Jednak mnie najbardziej uwiod\u0142a zupe\u0142nie drobna mo\u017cliwo\u015b\u0107 sprz\u0119tu. Ot\u00f3\u017c mo\u017cna w nim\u2026 obra\u0107 m\u0142ode ziemniaki, a ta czynno\u015b\u0107 nie nale\u017cy do przyjemnych.<br \/>\nPrzekonana po warsztatowych zaj\u0119ciach do doskona\u0142o\u015bci sprz\u0119tu wr\u00f3ci\u0142am do domu i na pociech\u0119 upiek\u0142am wed\u0142ug najprostszego z mo\u017cliwych przepis\u00f3w moje ulubione rogaliki z konfiturami r\u00f3\u017canymi. My\u015bl\u0119, \u017ce niekt\u00f3rzy znaj\u0105 ten przepis, dla tych jednak kt\u00f3rzy nie znaj\u0105 go lub nie pami\u0119taj\u0105 powtarzam: kostka mas\u0142a, kubeczek \u015bmietany (najlepiej 18 proc.) i 3 szklanki m\u0105ki. Razem siekamy (niezbyt precyzyjnie), zagniatamy i wk\u0142adamy do lod\u00f3wki. Po godzinie wa\u0142kujemy po kawa\u0142ku, kroimy w tr\u00f3jk\u0105ty, nak\u0142adamy po odrobinie konfitury i zwijamy rogaliki. Pieczemy na z\u0142ocisto, posypujemy cukrem pudrem i siadamy z rogalikami i kaw\u0105 pod kocem , oczywi\u015bcie z dobr\u0105 ksi\u0105\u017ck\u0105.<\/p>\n<p>W ci\u0105gu najbli\u017cszych dni wypr\u00f3buj\u0119 piero\u017cki z nadzieniem z pieczonej i gotowanej kaczki z grzybami, na kt\u00f3re przepis podaje producent cudownego garnka. Brzmi wspaniale, ale ja zwykle sama wypr\u00f3bowuj\u0119, aby poleci\u0107 z czystym sumieniem.<\/p>\n","protected":false},"excerpt":{"rendered":"<p>Co najbardziej warto oszcz\u0119dza\u0107? Najbardziej ceni\u0119 sobie oszcz\u0119dzanie czasu i zdrowia. Zw\u0142aszcza oszcz\u0119dzanie czasu zawsze mnie kusi i to bardzo. Ostatnio zaproszono mnie na warsztaty gotowania w urz\u0105dzeniu Kohersen MyCook. Co tu du\u017co m\u00f3wi\u0107, ma\u0142e, estetyczne urz\u0105dzenie, kt\u00f3re wykona za mnie wiele czasoch\u0142onnych prac, zawsze mo\u017ce liczy\u0107 na moj\u0105 \u017cyczliwo\u015b\u0107. Maj\u0105c w kuchni taki niewielki [&hellip;]<\/p>\n","protected":false},"author":37,"featured_media":0,"comment_status":"open","ping_status":"closed","sticky":false,"template":"","format":"standard","meta":{"footnotes":""},"categories":[1],"tags":[],"_links":{"self":[{"href":"https:\/\/blog.polityka.pl\/adamczewski\/wp-json\/wp\/v2\/posts\/16761"}],"collection":[{"href":"https:\/\/blog.polityka.pl\/adamczewski\/wp-json\/wp\/v2\/posts"}],"about":[{"href":"https:\/\/blog.polityka.pl\/adamczewski\/wp-json\/wp\/v2\/types\/post"}],"author":[{"embeddable":true,"href":"https:\/\/blog.polityka.pl\/adamczewski\/wp-json\/wp\/v2\/users\/37"}],"replies":[{"embeddable":true,"href":"https:\/\/blog.polityka.pl\/adamczewski\/wp-json\/wp\/v2\/comments?post=16761"}],"version-history":[{"count":1,"href":"https:\/\/blog.polityka.pl\/adamczewski\/wp-json\/wp\/v2\/posts\/16761\/revisions"}],"predecessor-version":[{"id":16762,"href":"https:\/\/blog.polityka.pl\/adamczewski\/wp-json\/wp\/v2\/posts\/16761\/revisions\/16762"}],"wp:attachment":[{"href":"https:\/\/blog.polityka.pl\/adamczewski\/wp-json\/wp\/v2\/media?parent=16761"}],"wp:term":[{"taxonomy":"category","embeddable":true,"href":"https:\/\/blog.polityka.pl\/adamczewski\/wp-json\/wp\/v2\/categories?post=16761"},{"taxonomy":"post_tag","embeddable":true,"href":"https:\/\/blog.polityka.pl\/adamczewski\/wp-json\/wp\/v2\/tags?post=16761"}],"curies":[{"name":"wp","href":"https:\/\/api.w.org\/{rel}","templated":true}]}}