
{"id":16808,"date":"2017-12-26T17:39:13","date_gmt":"2017-12-26T16:39:13","guid":{"rendered":"http:\/\/adamczewski.blog.polityka.pl\/?p=16808"},"modified":"2017-12-29T09:33:22","modified_gmt":"2017-12-29T08:33:22","slug":"tak-mijaja-swieta","status":"publish","type":"post","link":"https:\/\/blog.polityka.pl\/adamczewski\/2017\/12\/26\/tak-mijaja-swieta\/","title":{"rendered":"Tak mijaj\u0105 \u015bwi\u0119ta"},"content":{"rendered":"<p>Ani si\u0119 nie obejrzeli\u015bmy a tu ju\u017c koniec \u015bwi\u0105t. W garnkach po trochu zupy, kapusty, jakie\u015b resztki sa\u0142atek, wyciskamy jeszcze ostatnie krople pysznego kompotu z suszonych owoc\u00f3w. I \u015bwi\u0119ta 2017 mo\u017cemy wpisa\u0107 na list\u0119 minionych dni. Ale co\u015bmy si\u0119 naleniuchowali, naczytali \u015bwi\u0105tecznych pism i podarowanych przez Miko\u0142aja ksi\u0105\u017cek to nasze. Stanowczo wol\u0119 ni\u017c kulinarne uciechy, t\u0119 leniw\u0105 stron\u0119 \u015bwi\u0105t i perspektyw\u0119, \u017ce nie si\u0105dzie si\u0119 do sto\u0142u w samotno\u015bci, bo zawsze wpadnie kto\u015b, kto chce chwil\u0119 pogada\u0107 w leniwym nastroju, przy stole, skromnie skubi\u0105c \u015bwi\u0105teczne przysmaki.<br \/>\nJe\u015bli mog\u0119 si\u0119 przyzna\u0107, to w te leniwe dni czytam na zmian\u0119 (to moja ulubiona forma lektury) dwie ksi\u0105\u017cki: Magdaleny Nowakowskiej \u201eStaro\u017cytna Grecja od kuchni\u201d  i Natalie Zamon Davis \u201eKobiety na marginesach\u201d. Zak\u0105szam, kiedy nie mam ju\u017c si\u0142 na \u201enaukowe\u201d lektury, \u201eOkruchami dnia\u201d Kazuo Ishigury. Czy mo\u017ce by\u0107 co\u015b przyjemniejszego ni\u017c takie zatopienie si\u0119 w lekturach? Mo\u017ce, je\u015bli na przyk\u0142ad w trakcie czytania wymienia si\u0119 wra\u017cenia. Czego wam szczerze \u017cycz\u0119!<\/p>\n","protected":false},"excerpt":{"rendered":"<p>Ani si\u0119 nie obejrzeli\u015bmy a tu ju\u017c koniec \u015bwi\u0105t. W garnkach po trochu zupy, kapusty, jakie\u015b resztki sa\u0142atek, wyciskamy jeszcze ostatnie krople pysznego kompotu z suszonych owoc\u00f3w. I \u015bwi\u0119ta 2017 mo\u017cemy wpisa\u0107 na list\u0119 minionych dni. Ale co\u015bmy si\u0119 naleniuchowali, naczytali \u015bwi\u0105tecznych pism i podarowanych przez Miko\u0142aja ksi\u0105\u017cek to nasze. Stanowczo wol\u0119 ni\u017c kulinarne uciechy, [&hellip;]<\/p>\n","protected":false},"author":37,"featured_media":0,"comment_status":"open","ping_status":"closed","sticky":false,"template":"","format":"standard","meta":{"footnotes":""},"categories":[1],"tags":[],"_links":{"self":[{"href":"https:\/\/blog.polityka.pl\/adamczewski\/wp-json\/wp\/v2\/posts\/16808"}],"collection":[{"href":"https:\/\/blog.polityka.pl\/adamczewski\/wp-json\/wp\/v2\/posts"}],"about":[{"href":"https:\/\/blog.polityka.pl\/adamczewski\/wp-json\/wp\/v2\/types\/post"}],"author":[{"embeddable":true,"href":"https:\/\/blog.polityka.pl\/adamczewski\/wp-json\/wp\/v2\/users\/37"}],"replies":[{"embeddable":true,"href":"https:\/\/blog.polityka.pl\/adamczewski\/wp-json\/wp\/v2\/comments?post=16808"}],"version-history":[{"count":3,"href":"https:\/\/blog.polityka.pl\/adamczewski\/wp-json\/wp\/v2\/posts\/16808\/revisions"}],"predecessor-version":[{"id":16811,"href":"https:\/\/blog.polityka.pl\/adamczewski\/wp-json\/wp\/v2\/posts\/16808\/revisions\/16811"}],"wp:attachment":[{"href":"https:\/\/blog.polityka.pl\/adamczewski\/wp-json\/wp\/v2\/media?parent=16808"}],"wp:term":[{"taxonomy":"category","embeddable":true,"href":"https:\/\/blog.polityka.pl\/adamczewski\/wp-json\/wp\/v2\/categories?post=16808"},{"taxonomy":"post_tag","embeddable":true,"href":"https:\/\/blog.polityka.pl\/adamczewski\/wp-json\/wp\/v2\/tags?post=16808"}],"curies":[{"name":"wp","href":"https:\/\/api.w.org\/{rel}","templated":true}]}}