
{"id":16818,"date":"2017-12-31T09:53:10","date_gmt":"2017-12-31T08:53:10","guid":{"rendered":"http:\/\/adamczewski.blog.polityka.pl\/?p=16818"},"modified":"2017-12-31T09:53:10","modified_gmt":"2017-12-31T08:53:10","slug":"dzis-sylwester","status":"publish","type":"post","link":"https:\/\/blog.polityka.pl\/adamczewski\/2017\/12\/31\/dzis-sylwester\/","title":{"rendered":"Dzi\u015b Sylwester"},"content":{"rendered":"<p>\u017byczymy wszystkim bardzo szcz\u0119\u015bliwego 2018 roku. Znowu trzeba si\u0119 b\u0119dzie przyzwyczaja\u0107 do tej 18 na ko\u0144cu!<br \/>\nWielu wspania\u0142ych prze\u017cy\u0107, pysznych potraw i zwyczajnego spokojnego szcz\u0119\u015bcia. <\/p>\n","protected":false},"excerpt":{"rendered":"<p>\u017byczymy wszystkim bardzo szcz\u0119\u015bliwego 2018 roku. Znowu trzeba si\u0119 b\u0119dzie przyzwyczaja\u0107 do tej 18 na ko\u0144cu! Wielu wspania\u0142ych prze\u017cy\u0107, pysznych potraw i zwyczajnego spokojnego szcz\u0119\u015bcia.<\/p>\n","protected":false},"author":39,"featured_media":0,"comment_status":"open","ping_status":"closed","sticky":false,"template":"","format":"standard","meta":{"footnotes":""},"categories":[1],"tags":[],"_links":{"self":[{"href":"https:\/\/blog.polityka.pl\/adamczewski\/wp-json\/wp\/v2\/posts\/16818"}],"collection":[{"href":"https:\/\/blog.polityka.pl\/adamczewski\/wp-json\/wp\/v2\/posts"}],"about":[{"href":"https:\/\/blog.polityka.pl\/adamczewski\/wp-json\/wp\/v2\/types\/post"}],"author":[{"embeddable":true,"href":"https:\/\/blog.polityka.pl\/adamczewski\/wp-json\/wp\/v2\/users\/39"}],"replies":[{"embeddable":true,"href":"https:\/\/blog.polityka.pl\/adamczewski\/wp-json\/wp\/v2\/comments?post=16818"}],"version-history":[{"count":1,"href":"https:\/\/blog.polityka.pl\/adamczewski\/wp-json\/wp\/v2\/posts\/16818\/revisions"}],"predecessor-version":[{"id":16819,"href":"https:\/\/blog.polityka.pl\/adamczewski\/wp-json\/wp\/v2\/posts\/16818\/revisions\/16819"}],"wp:attachment":[{"href":"https:\/\/blog.polityka.pl\/adamczewski\/wp-json\/wp\/v2\/media?parent=16818"}],"wp:term":[{"taxonomy":"category","embeddable":true,"href":"https:\/\/blog.polityka.pl\/adamczewski\/wp-json\/wp\/v2\/categories?post=16818"},{"taxonomy":"post_tag","embeddable":true,"href":"https:\/\/blog.polityka.pl\/adamczewski\/wp-json\/wp\/v2\/tags?post=16818"}],"curies":[{"name":"wp","href":"https:\/\/api.w.org\/{rel}","templated":true}]}}