
{"id":16834,"date":"2018-01-24T11:38:07","date_gmt":"2018-01-24T10:38:07","guid":{"rendered":"http:\/\/adamczewski.blog.polityka.pl\/?p=16834"},"modified":"2018-02-05T15:29:38","modified_gmt":"2018-02-05T14:29:38","slug":"puszczeni-z-torbami","status":"publish","type":"post","link":"https:\/\/blog.polityka.pl\/adamczewski\/2018\/01\/24\/puszczeni-z-torbami\/","title":{"rendered":"Puszczeni z torbami"},"content":{"rendered":"<p>Od kilkunastu dni p\u0142acimy za plastikowe torby na zakupy. Niby nie s\u0105 to du\u017ce sumy, nie licz\u0105 si\u0119 w bud\u017cetach, bo c\u00f3\u017c mo\u017ce znaczy\u0107 30 groszy przy zakupach za 50 czy 100 z\u0142otych?<br \/>\n<!--more--><br \/>\nJu\u017c s\u0142ycha\u0107, cho\u0107 nie wiem, czy to prawda, \u017ce cena plastikowych toreb ulegnie podwy\u017cce. Ale je\u015bli kto\u015b wydaje 30 groszy, wyda bez k\u0142opotu r\u00f3wnie\u017c nieco wi\u0119cej, kiedy torby b\u0119dzie potrzebowa\u0142. Ruszaj\u0105 te\u017c pe\u0142n\u0105 par\u0105 firmy produkuj\u0105ce doskonale sprawdzaj\u0105ce si\u0119, zwijane w ma\u0142y pakuneczek, torby na zakupy z materia\u0142u. \u017be tak jest, widz\u0119 zreszt\u0105 w moim sklepie, gdzie jest ich wiele, do wyboru, do koloru, za 3\u20134 z\u0142ote. Wystarcz\u0105 na co najmniej kilka miesi\u0119cy.<\/p>\n<p>Jednak ka\u017cdy wie, \u017ce nie chodzi o oszcz\u0119dno\u015b\u0107, wynosz\u0105c\u0105 przy ka\u017cdych zakupach u\u0142amek procentu wydawanych sum, ani nawet o zebranie pieni\u0119dzy, kt\u00f3re mog\u0105 by\u0107 przeznaczane na dbanie o \u015brodowisko. Rzecz w tym, aby\u015bmy nabrali nawyku, przekonali si\u0119, \u017ce plastikowe opakowania nie s\u0105 nam niezb\u0119dne w takiej ilo\u015bci, jak to by\u0142o dot\u0105d. Wszyscy wiemy, \u017ce po du\u017cych zakupach mamy pe\u0142en kosz opakowa\u0144. Oczywi\u015bcie, odpowiednie opakowanie bywa czasem niezb\u0119dne, aby nie przynie\u015b\u0107 do domu rozgniecionych owoc\u00f3w, pot\u0142uczonego szk\u0142a lub zarysowanych garnk\u00f3w. Idzie o to, aby opakowa\u0144 by\u0142o tyle, ile trzeba, a tak\u017ce aby po u\u017cyciu dawa\u0107 im drugie \u017cycie, u\u017cywaj\u0105c ich do powt\u00f3rnego pakowania lub wrzucaj\u0105c do odpowiedniego pojemnika do recyklingu.<\/p>\n<p>A torby sk\u0142adane to doskona\u0142y pomys\u0142. Tylko starsi pami\u0119taj\u0105 siatki, kt\u00f3re nosi\u0142o si\u0119 w czasach s\u0142usznie minionych, na wszelki wypadek, bo mo\u017ce po drodze do domu zobaczymy, \u017ce rzucili pomara\u0144cze, przecier pomidorowy lub konserwy rybne. Wyjmowa\u0142o si\u0119 wtedy z\u0142o\u017con\u0105 w ma\u0142y w\u0119ze\u0142ek siatk\u0119 i dumnie kroczy\u0142o ze zdobycz\u0105. Czasem w tramwaju \u201e\u0142apa\u0142o si\u0119\u201d na oczka siatki przystojnych ch\u0142opak\u00f3w, dzi\u0119ki czemu nawi\u0105zywano p\u0142omienne flirty.<\/p>\n<p>Inne czasy, inne torby, ale warto kupi\u0107 \u201ewieloraz\u00f3wk\u0119\u201d, ca\u0142kiem bez romansowych cel\u00f3w. Szczeg\u00f3lnie podobaj\u0105 mi si\u0119 torby z IKEA: bez rzep\u00f3w, guzik\u00f3w lub nap, po prostu wciskan\u0105 we w\u0142asn\u0105 kieszonk\u0119.<\/p>\n","protected":false},"excerpt":{"rendered":"<p>Od kilkunastu dni p\u0142acimy za plastikowe torby na zakupy. Niby nie s\u0105 to du\u017ce sumy, nie licz\u0105 si\u0119 w bud\u017cetach, bo c\u00f3\u017c mo\u017ce znaczy\u0107 30 groszy przy zakupach za 50 czy 100 z\u0142otych?<\/p>\n","protected":false},"author":37,"featured_media":0,"comment_status":"open","ping_status":"closed","sticky":false,"template":"","format":"standard","meta":{"footnotes":""},"categories":[1],"tags":[],"_links":{"self":[{"href":"https:\/\/blog.polityka.pl\/adamczewski\/wp-json\/wp\/v2\/posts\/16834"}],"collection":[{"href":"https:\/\/blog.polityka.pl\/adamczewski\/wp-json\/wp\/v2\/posts"}],"about":[{"href":"https:\/\/blog.polityka.pl\/adamczewski\/wp-json\/wp\/v2\/types\/post"}],"author":[{"embeddable":true,"href":"https:\/\/blog.polityka.pl\/adamczewski\/wp-json\/wp\/v2\/users\/37"}],"replies":[{"embeddable":true,"href":"https:\/\/blog.polityka.pl\/adamczewski\/wp-json\/wp\/v2\/comments?post=16834"}],"version-history":[{"count":2,"href":"https:\/\/blog.polityka.pl\/adamczewski\/wp-json\/wp\/v2\/posts\/16834\/revisions"}],"predecessor-version":[{"id":16843,"href":"https:\/\/blog.polityka.pl\/adamczewski\/wp-json\/wp\/v2\/posts\/16834\/revisions\/16843"}],"wp:attachment":[{"href":"https:\/\/blog.polityka.pl\/adamczewski\/wp-json\/wp\/v2\/media?parent=16834"}],"wp:term":[{"taxonomy":"category","embeddable":true,"href":"https:\/\/blog.polityka.pl\/adamczewski\/wp-json\/wp\/v2\/categories?post=16834"},{"taxonomy":"post_tag","embeddable":true,"href":"https:\/\/blog.polityka.pl\/adamczewski\/wp-json\/wp\/v2\/tags?post=16834"}],"curies":[{"name":"wp","href":"https:\/\/api.w.org\/{rel}","templated":true}]}}