
{"id":16887,"date":"2018-04-10T07:22:44","date_gmt":"2018-04-10T05:22:44","guid":{"rendered":"http:\/\/adamczewski.blog.polityka.pl\/?p=16887"},"modified":"2018-04-09T22:31:45","modified_gmt":"2018-04-09T20:31:45","slug":"w-wagoniku","status":"publish","type":"post","link":"https:\/\/blog.polityka.pl\/adamczewski\/2018\/04\/10\/w-wagoniku\/","title":{"rendered":"W wagoniku"},"content":{"rendered":"<p>Jedzenie to wielka przyjemno\u015b\u0107. Malo znam os\u00f3b (konkretnie jedn\u0105 kole\u017cank\u0119), kt\u00f3rzy jada\u0107 nie lubi\u0105. Ale poniewa\u017c wszystko ju\u017c by\u0142o, w ramach poszukiwania wci\u0105\u017c nowych wra\u017ce\u0144 niekt\u00f3rzy ludzie nie chc\u0105 ju\u017c jada\u0107 zwyczajnie. St\u0105d pogo\u0144 za nowymi metodami przyrz\u0105dzania potraw (np. kuchnia molekularna albo opisywana tu niedawno sensoryczna). St\u0105d te\u017c propozycje niezwyk\u0142ych miejsc, w kt\u00f3rych serwuje si\u0119 posi\u0142ki. Ostatnio jad\u0142am w restauracji nad jeziorem z widokiem na wod\u0119. Rzeczywi\u015bcie widok troch\u0119 odci\u0105ga\u0142 uwag\u0119, od tego co na talerzu, co akurat by\u0142o bardzo korzystne, bo dania by\u0142y przeci\u0119tne. W warunkach miejskich restauracje na g\u00f3rnych pi\u0119trach wie\u017cowc\u00f3w te\u017c zapewniaj\u0105 pi\u0119kn\u0105 panoram\u0119 i doznania niezale\u017cne od kulinarnych.<br \/>\nMarz\u0119 obecnie o pewnym posi\u0142ku, wcale nie ze wzgl\u0119du na jego niezwyk\u0142e walory smakowe (cho\u0107 mo\u017ce te\u017c by\u0107 wy\u015bmienity), tylko na oryginalno\u015b\u0107 miejsca. Jecha\u0142am ostatnio wagonikiem kolejki dla narciarzy w Dolomitach. Kolejka jest d\u0142uga, bo w odr\u00f3\u017cnieniu od wi\u0119kszo\u015bci kolejek jedzie najpierw w d\u00f3\u0142, a potem dopiero w g\u00f3r\u0119. \u0141\u0105czy dwa o\u015brodki narciarskie. Moj\u0105 uwag\u0119 zwr\u00f3ci\u0142a reklama kolacji, kt\u00f3ra odb\u0119dzie si\u0119 za 4 miesi\u0105ce, w sierpniu, ale ju\u017c mo\u017cna rezerwowa\u0107 miejsce. Jest to mianowicie kolacja w takim w\u0142a\u015bnie wagoniku i na tej trasie. Jest ona reklamowana jako gwia\u017adzista (stellata) zar\u00f3wno ze wzgl\u0119du na gwiazdk\u0119, kt\u00f3r\u0105 posiada szef kuchni, jak i gwiazdy, kt\u00f3re w czasie tej podr\u00f3\u017cy uka\u017c\u0105 si\u0119 na niebie. A tymczasem na kolejnych stacjach kolejki podawane b\u0119d\u0105 kolejne dania. Kolacj\u0119 przygotowuje znany szef kuchni. A woko\u0142o pi\u0119kne g\u00f3ry. \u017by\u0107 nie umiera\u0107. Je\u015b\u0107 i pi\u0107 i nie przestawa\u0107\u2026<\/p>\n","protected":false},"excerpt":{"rendered":"<p>Jedzenie to wielka przyjemno\u015b\u0107. Malo znam os\u00f3b (konkretnie jedn\u0105 kole\u017cank\u0119), kt\u00f3rzy jada\u0107 nie lubi\u0105. Ale poniewa\u017c wszystko ju\u017c by\u0142o, w ramach poszukiwania wci\u0105\u017c nowych wra\u017ce\u0144 niekt\u00f3rzy ludzie nie chc\u0105 ju\u017c jada\u0107 zwyczajnie. St\u0105d pogo\u0144 za nowymi metodami przyrz\u0105dzania potraw (np. kuchnia molekularna albo opisywana tu niedawno sensoryczna). St\u0105d te\u017c propozycje niezwyk\u0142ych miejsc, w kt\u00f3rych serwuje [&hellip;]<\/p>\n","protected":false},"author":38,"featured_media":0,"comment_status":"open","ping_status":"closed","sticky":false,"template":"","format":"standard","meta":{"footnotes":""},"categories":[1],"tags":[],"_links":{"self":[{"href":"https:\/\/blog.polityka.pl\/adamczewski\/wp-json\/wp\/v2\/posts\/16887"}],"collection":[{"href":"https:\/\/blog.polityka.pl\/adamczewski\/wp-json\/wp\/v2\/posts"}],"about":[{"href":"https:\/\/blog.polityka.pl\/adamczewski\/wp-json\/wp\/v2\/types\/post"}],"author":[{"embeddable":true,"href":"https:\/\/blog.polityka.pl\/adamczewski\/wp-json\/wp\/v2\/users\/38"}],"replies":[{"embeddable":true,"href":"https:\/\/blog.polityka.pl\/adamczewski\/wp-json\/wp\/v2\/comments?post=16887"}],"version-history":[{"count":1,"href":"https:\/\/blog.polityka.pl\/adamczewski\/wp-json\/wp\/v2\/posts\/16887\/revisions"}],"predecessor-version":[{"id":16888,"href":"https:\/\/blog.polityka.pl\/adamczewski\/wp-json\/wp\/v2\/posts\/16887\/revisions\/16888"}],"wp:attachment":[{"href":"https:\/\/blog.polityka.pl\/adamczewski\/wp-json\/wp\/v2\/media?parent=16887"}],"wp:term":[{"taxonomy":"category","embeddable":true,"href":"https:\/\/blog.polityka.pl\/adamczewski\/wp-json\/wp\/v2\/categories?post=16887"},{"taxonomy":"post_tag","embeddable":true,"href":"https:\/\/blog.polityka.pl\/adamczewski\/wp-json\/wp\/v2\/tags?post=16887"}],"curies":[{"name":"wp","href":"https:\/\/api.w.org\/{rel}","templated":true}]}}