
{"id":16892,"date":"2018-04-22T17:30:03","date_gmt":"2018-04-22T15:30:03","guid":{"rendered":"http:\/\/adamczewski.blog.polityka.pl\/?p=16892"},"modified":"2018-04-22T17:30:03","modified_gmt":"2018-04-22T15:30:03","slug":"mokotowski-jarmark-z-lezeniem-na-trawie","status":"publish","type":"post","link":"https:\/\/blog.polityka.pl\/adamczewski\/2018\/04\/22\/mokotowski-jarmark-z-lezeniem-na-trawie\/","title":{"rendered":"Mokotowski jarmark z le\u017ceniem na trawie"},"content":{"rendered":"<p>To ju\u017c chyba pi\u0105ty ciep\u0142y sezon, kiedy na rogu Woronicza i Wielickiej otwiera si\u0119 pyszny jarmark. Na niezbyt ucz\u0119szczanym skwerku pojawiaj\u0105 si\u0119 pawilony i namioty, w kt\u00f3rych  sprzedaje si\u0119 w ci\u0105gu dw\u00f3ch dni  dobre rzemie\u015blnicze wyroby spo\u017cywcze, doskona\u0142e dania \u201epolowe\u201d bardzo dobrych restauracji, owoce, warzywa, kie\u0142basy i chleby oraz zio\u0142a.<br \/>\nJeszcze w pi\u0105tkowy wiecz\u00f3r nic nie zapowiada niedzielnych wydarze\u0144, a dopiero sobotni ranni przechodnie spostrzegaj\u0105 gotowy jarmark. Od rana przychodz\u0105 tu liczni odwiedzaj\u0105cy i kupuj\u0105cy, oczywi\u015bcie w godzinach obiadowych jest ich najwi\u0119cej. W te dwa dni na skwerkowej trawie mo\u017cna rozk\u0142ada\u0107 wypo\u017cyczone lub przyniesione ze sob\u0105 koce, z czego korzysta bardzo wiele os\u00f3b. Mn\u00f3stwo dzieci, grzecznych ps\u00f3w i \u2013 bardzo zr\u00f3\u017cnicowane wiekowo towarzystwo, co uwa\u017cam za mi\u0142e zjawisko. Mokot\u00f3w to nobliwa, cicha dzielnica, ten jarmark o\u017cywia t\u0119 cz\u0119\u015b\u0107, niezbyt g\u0119sto zaludnionej dzielnicy.<br \/>\nOrganizatorzy dbaj\u0105 oto, aby pojawi\u0142y si\u0119 tu przeno\u015bne toalety i umywalnie, du\u017ce kosze na \u015bmieci zach\u0119caj\u0105 do ich wykorzystania. Zazwyczaj przyje\u017cd\u017cam do Warszawy w sezonie letnim dopiero w niedzielny wiecz\u00f3r. Po jarmarku jest tu ju\u017c tylko wspomnienie, ostatnie samochody zabieraj\u0105 resztki stoisk. Nawet lekko zgnieciona trawa ma szanse odrestaurowa\u0107 si\u0119 do poniedzia\u0142ku, co te\u017c si\u0119 i dzieje. Jak\u017ce podobnie, jak we w\u0142oskim miasteczku, gdzie widzia\u0142am rankiem targ rybny, na kt\u00f3rego miejscu, po dok\u0142adnym umyciu chodnika, wieczorem odbywa\u0142 si\u0119  koncert.<\/p>\n","protected":false},"excerpt":{"rendered":"<p>To ju\u017c chyba pi\u0105ty ciep\u0142y sezon, kiedy na rogu Woronicza i Wielickiej otwiera si\u0119 pyszny jarmark. Na niezbyt ucz\u0119szczanym skwerku pojawiaj\u0105 si\u0119 pawilony i namioty, w kt\u00f3rych sprzedaje si\u0119 w ci\u0105gu dw\u00f3ch dni dobre rzemie\u015blnicze wyroby spo\u017cywcze, doskona\u0142e dania \u201epolowe\u201d bardzo dobrych restauracji, owoce, warzywa, kie\u0142basy i chleby oraz zio\u0142a. Jeszcze w pi\u0105tkowy wiecz\u00f3r nic [&hellip;]<\/p>\n","protected":false},"author":37,"featured_media":0,"comment_status":"open","ping_status":"closed","sticky":false,"template":"","format":"standard","meta":{"footnotes":""},"categories":[1],"tags":[],"_links":{"self":[{"href":"https:\/\/blog.polityka.pl\/adamczewski\/wp-json\/wp\/v2\/posts\/16892"}],"collection":[{"href":"https:\/\/blog.polityka.pl\/adamczewski\/wp-json\/wp\/v2\/posts"}],"about":[{"href":"https:\/\/blog.polityka.pl\/adamczewski\/wp-json\/wp\/v2\/types\/post"}],"author":[{"embeddable":true,"href":"https:\/\/blog.polityka.pl\/adamczewski\/wp-json\/wp\/v2\/users\/37"}],"replies":[{"embeddable":true,"href":"https:\/\/blog.polityka.pl\/adamczewski\/wp-json\/wp\/v2\/comments?post=16892"}],"version-history":[{"count":1,"href":"https:\/\/blog.polityka.pl\/adamczewski\/wp-json\/wp\/v2\/posts\/16892\/revisions"}],"predecessor-version":[{"id":16893,"href":"https:\/\/blog.polityka.pl\/adamczewski\/wp-json\/wp\/v2\/posts\/16892\/revisions\/16893"}],"wp:attachment":[{"href":"https:\/\/blog.polityka.pl\/adamczewski\/wp-json\/wp\/v2\/media?parent=16892"}],"wp:term":[{"taxonomy":"category","embeddable":true,"href":"https:\/\/blog.polityka.pl\/adamczewski\/wp-json\/wp\/v2\/categories?post=16892"},{"taxonomy":"post_tag","embeddable":true,"href":"https:\/\/blog.polityka.pl\/adamczewski\/wp-json\/wp\/v2\/tags?post=16892"}],"curies":[{"name":"wp","href":"https:\/\/api.w.org\/{rel}","templated":true}]}}