
{"id":16921,"date":"2018-06-15T08:39:13","date_gmt":"2018-06-15T06:39:13","guid":{"rendered":"http:\/\/adamczewski.blog.polityka.pl\/?p=16921"},"modified":"2018-06-14T15:39:44","modified_gmt":"2018-06-14T13:39:44","slug":"kupuj-na-zapas","status":"publish","type":"post","link":"https:\/\/blog.polityka.pl\/adamczewski\/2018\/06\/15\/kupuj-na-zapas\/","title":{"rendered":"Kupuj na zapas?"},"content":{"rendered":"<p>Ledwie nauczyli\u015bmy si\u0119, \u017ce nie warto i nie trzeba kupowa\u0107 na zapas, ju\u017c mamy nowy \u201etrynd\u201d: musimy w czwartek my\u015ble\u0107 o zakupach na niedziel\u0119 i kawa\u0142ek poniedzia\u0142ku. Nie ma co m\u00f3wi\u0107 o \u015bwie\u017cym chlebie na niedzielne \u015bniadanie, ale nie jest to najwi\u0119kszy b\u00f3l.<br \/>\nPrzyznam si\u0119, \u017ce nie robi\u0142am zakup\u00f3w w niedziele, poniewa\u017c jestem do\u015b\u0107 dobrze zorganizowan\u0105 gospodyni\u0105, w dodatku przez wi\u0119kszo\u015b\u0107 mojego doros\u0142ego \u017cycia sklepy nie pracowa\u0142y w niedziele. A jednak w ka\u017cd\u0105 sobot\u0119 nerwicowo szukam w pami\u0119ci, czego mo\u017ce mi zabrakn\u0105\u0107 i czego ju\u017c w niedzielne przedpo\u0142udnie nie dokupi\u0119. Brak mi m o \u017c l i w o- \u015b c i. Chyba, \u017ce udam si\u0119 na poszukiwanie, co za pech, odleg\u0142ego, czynnego sklepu.<br \/>\nI dlatego chwal\u0119 sobie, \u017ce w mojej okolicy jest coraz bogatszy, oferuj\u0105cy coraz wi\u0119cej produkt\u00f3w, niedzielny targ. Niewielki skwer na Mokotowie pod skrzyd\u0142ami Komendy G\u0142\u00f3wnej policji przeradza si\u0119 w doskona\u0142y targ, gdzie kupi\u0107 mo\u017cna tak wiele produkt\u00f3w i da\u0144, \u017ce odwiedzaj\u0105cych mn\u00f3stwo. I nikomu nie przyjdzie do g\u0142owy, \u017ce zakupy w tym dniu zaburz\u0105 \u017cycie rodzinne, co by\u0142o powodem dla zamkni\u0119cia w niedziele sklep\u00f3w. Chodzi si\u0119 tu ca\u0142ymi rodzinami, kt\u00f3rych \u017cycie nie wydaje si\u0119 zburzone przez wizyt\u0119 na targu, przeciwnie kupowanie jest przyjemno\u015bci\u0105 i to zar\u00f3wno dla rodzic\u00f3w, jak dla dzieci a nawet, jak zauwa\u017cy\u0142am (pods\u0142ucha\u0142am), okazj\u0105 do wielu kszta\u0142c\u0105cych, dla obu stron, rozm\u00f3w.<br \/>\nA poniewa\u017c jak ju\u017c wcze\u015bniej wspomina\u0142am, w niedziel\u0119 wieczorem nie ma po targu \u015blad\u00f3w w postaci \u015bmieci, zadeptanych trawnik\u00f3w a stoiska i towary sprz\u0105tane s\u0105 szybko, sprawnie i bez zniszcze\u0144 otoczenia, to tak\u017ce i pod tym wzgl\u0119dem zakupy s\u0105 dla dzieci r\u00f3wnocze\u015bnie spacerem z rodzicami jak i szko\u0142\u0105 dobrego zachowania w miejscu publicznym.<\/p>\n","protected":false},"excerpt":{"rendered":"<p>Ledwie nauczyli\u015bmy si\u0119, \u017ce nie warto i nie trzeba kupowa\u0107 na zapas, ju\u017c mamy nowy \u201etrynd\u201d: musimy w czwartek my\u015ble\u0107 o zakupach na niedziel\u0119 i kawa\u0142ek poniedzia\u0142ku. Nie ma co m\u00f3wi\u0107 o \u015bwie\u017cym chlebie na niedzielne \u015bniadanie, ale nie jest to najwi\u0119kszy b\u00f3l. Przyznam si\u0119, \u017ce nie robi\u0142am zakup\u00f3w w niedziele, poniewa\u017c jestem do\u015b\u0107 dobrze [&hellip;]<\/p>\n","protected":false},"author":37,"featured_media":0,"comment_status":"open","ping_status":"closed","sticky":false,"template":"","format":"standard","meta":{"footnotes":""},"categories":[1],"tags":[],"_links":{"self":[{"href":"https:\/\/blog.polityka.pl\/adamczewski\/wp-json\/wp\/v2\/posts\/16921"}],"collection":[{"href":"https:\/\/blog.polityka.pl\/adamczewski\/wp-json\/wp\/v2\/posts"}],"about":[{"href":"https:\/\/blog.polityka.pl\/adamczewski\/wp-json\/wp\/v2\/types\/post"}],"author":[{"embeddable":true,"href":"https:\/\/blog.polityka.pl\/adamczewski\/wp-json\/wp\/v2\/users\/37"}],"replies":[{"embeddable":true,"href":"https:\/\/blog.polityka.pl\/adamczewski\/wp-json\/wp\/v2\/comments?post=16921"}],"version-history":[{"count":1,"href":"https:\/\/blog.polityka.pl\/adamczewski\/wp-json\/wp\/v2\/posts\/16921\/revisions"}],"predecessor-version":[{"id":16922,"href":"https:\/\/blog.polityka.pl\/adamczewski\/wp-json\/wp\/v2\/posts\/16921\/revisions\/16922"}],"wp:attachment":[{"href":"https:\/\/blog.polityka.pl\/adamczewski\/wp-json\/wp\/v2\/media?parent=16921"}],"wp:term":[{"taxonomy":"category","embeddable":true,"href":"https:\/\/blog.polityka.pl\/adamczewski\/wp-json\/wp\/v2\/categories?post=16921"},{"taxonomy":"post_tag","embeddable":true,"href":"https:\/\/blog.polityka.pl\/adamczewski\/wp-json\/wp\/v2\/tags?post=16921"}],"curies":[{"name":"wp","href":"https:\/\/api.w.org\/{rel}","templated":true}]}}