
{"id":16929,"date":"2018-07-09T19:22:54","date_gmt":"2018-07-09T17:22:54","guid":{"rendered":"http:\/\/adamczewski.blog.polityka.pl\/?p=16929"},"modified":"2018-07-09T19:22:54","modified_gmt":"2018-07-09T17:22:54","slug":"a-u-nas-w-pultusku","status":"publish","type":"post","link":"https:\/\/blog.polityka.pl\/adamczewski\/2018\/07\/09\/a-u-nas-w-pultusku\/","title":{"rendered":"A u nas w Pu\u0142tusku\u2026"},"content":{"rendered":"<p>Znacznie rzadziej ni\u017c dawniej bywam w tym roku w Pu\u0142tusku. Dlatego mo\u017ce zaskakuj\u0105 mnie wszystkie zmiany, kt\u00f3re  dostrzegam natychmiast. Zreszt\u0105 tej zmiany nie da\u0142oby si\u0119 nie dostrzec. Na rynku, kt\u00f3ry jest najd\u0142u\u017cszym rynkiem w Europie, pojawi\u0142y si\u0119 nowe budowle. Zabytkowy bruk (przekle\u0144stwo dla os\u00f3b na niewielkim cho\u0107by obcasie) na szcz\u0119\u015bcie pozosta\u0142. Nowe budowle to estetyczne i bardzo wygodne, funkcjonalne drewniane kramy. Najosobliwsze namioty i os\u0142ony zast\u0105pi\u0142y mieszcz\u0105ce si\u0119 w  tradycji solidne drewniane stoiska pod dachem. Maj\u0105 jeszcze podobno mie\u0107 os\u0142ony przed wiatrem, aby wygoda sprzedaj\u0105cych by\u0142a pe\u0142na. Kramy zafundowa\u0142a podobno ta niedobra Unia.<br \/>\nOczywi\u015bcie pewnie nie budzi zadowolenia fakt, \u017ce wynajmuj\u0105cy musi zap\u0142aci\u0107 kaucj\u0119, a poza tym utrzymywa\u0107 pewien \u0142ad, kt\u00f3ry b\u0119dzie dobrze wsp\u00f3\u0142gra\u0142 z urod\u0105 budowli. Ale rynek, ten pi\u0119kny rynek, na pewno zyska. Ba, ju\u017c zyska\u0142.<br \/>\nTradycyjnie dwa razy w tygodniu, tak, jak przed wielu laty i dzi\u015b  zje\u017cd\u017caj\u0105 si\u0119 na pu\u0142tuski rynek rolnicy, sadownicy, ogrodnicy i kupcy. Najlepiej tu w\u0142a\u015bnie kupowa\u0107 dorodne pomidory, og\u00f3rki, truskawki, maliny, pi\u0119kne jab\u0142ka, porzeczki, a wyb\u00f3r ro\u015blin do posadzenia na grz\u0105dce lub doniczkowych jest naprawd\u0119 ogromny.<br \/>\nOkoliczni ogrodnicy produkuj\u0105 w du\u017cych ilo\u015bciach zio\u0142a, sadzonki. No, ale mo\u017cecie tu kupi\u0107 tak\u017ce garnki, szklaneczki, sukni\u0119 wizytow\u0105, kapciuszki, zupe\u0142nie porz\u0105dne buty za cen\u0119 mniejsz\u0105 ni\u017c w sklepach. No  i  w trzeci\u0105 sobot\u0119 miesi\u0105ca antyczne cacka.<br \/>\nCiekawe, czy kupowanie w porz\u0105dnym stoisku b\u0119dzie r\u00f3wnie mi\u0142e jak na byle jakim, prowizorycznym stole, pod prowizorycznym  daszkiem\u2026<\/p>\n","protected":false},"excerpt":{"rendered":"<p>Znacznie rzadziej ni\u017c dawniej bywam w tym roku w Pu\u0142tusku. Dlatego mo\u017ce zaskakuj\u0105 mnie wszystkie zmiany, kt\u00f3re dostrzegam natychmiast. Zreszt\u0105 tej zmiany nie da\u0142oby si\u0119 nie dostrzec. Na rynku, kt\u00f3ry jest najd\u0142u\u017cszym rynkiem w Europie, pojawi\u0142y si\u0119 nowe budowle. Zabytkowy bruk (przekle\u0144stwo dla os\u00f3b na niewielkim cho\u0107by obcasie) na szcz\u0119\u015bcie pozosta\u0142. Nowe budowle to estetyczne [&hellip;]<\/p>\n","protected":false},"author":37,"featured_media":0,"comment_status":"open","ping_status":"closed","sticky":false,"template":"","format":"standard","meta":{"footnotes":""},"categories":[1],"tags":[],"_links":{"self":[{"href":"https:\/\/blog.polityka.pl\/adamczewski\/wp-json\/wp\/v2\/posts\/16929"}],"collection":[{"href":"https:\/\/blog.polityka.pl\/adamczewski\/wp-json\/wp\/v2\/posts"}],"about":[{"href":"https:\/\/blog.polityka.pl\/adamczewski\/wp-json\/wp\/v2\/types\/post"}],"author":[{"embeddable":true,"href":"https:\/\/blog.polityka.pl\/adamczewski\/wp-json\/wp\/v2\/users\/37"}],"replies":[{"embeddable":true,"href":"https:\/\/blog.polityka.pl\/adamczewski\/wp-json\/wp\/v2\/comments?post=16929"}],"version-history":[{"count":1,"href":"https:\/\/blog.polityka.pl\/adamczewski\/wp-json\/wp\/v2\/posts\/16929\/revisions"}],"predecessor-version":[{"id":16930,"href":"https:\/\/blog.polityka.pl\/adamczewski\/wp-json\/wp\/v2\/posts\/16929\/revisions\/16930"}],"wp:attachment":[{"href":"https:\/\/blog.polityka.pl\/adamczewski\/wp-json\/wp\/v2\/media?parent=16929"}],"wp:term":[{"taxonomy":"category","embeddable":true,"href":"https:\/\/blog.polityka.pl\/adamczewski\/wp-json\/wp\/v2\/categories?post=16929"},{"taxonomy":"post_tag","embeddable":true,"href":"https:\/\/blog.polityka.pl\/adamczewski\/wp-json\/wp\/v2\/tags?post=16929"}],"curies":[{"name":"wp","href":"https:\/\/api.w.org\/{rel}","templated":true}]}}