
{"id":16948,"date":"2018-08-22T11:27:49","date_gmt":"2018-08-22T09:27:49","guid":{"rendered":"http:\/\/adamczewski.blog.polityka.pl\/?p=16948"},"modified":"2018-08-21T15:28:40","modified_gmt":"2018-08-21T13:28:40","slug":"mozna-mozna","status":"publish","type":"post","link":"https:\/\/blog.polityka.pl\/adamczewski\/2018\/08\/22\/mozna-mozna\/","title":{"rendered":"Mo\u017cna? Mozna!"},"content":{"rendered":"<p>W drodze powrotnej z Mazur wst\u0105pili\u015bmy do zajazdu Tusinek. To by\u0142o ulubione miejsce moich dzieci, kiedy by\u0142y ma\u0142e. Zw\u0142aszcza c\u00f3rka, kt\u00f3ra by\u0142a i jest niejadkiem, akurat w Tusinku znajdowa\u0142a od zawsze dania dla siebie. Najch\u0119tniej podp\u0142omyki.<br \/>\nKiedy\u015b by\u0142 tylko zajazd, teraz jest hodowla k\u00f3z, wytw\u00f3rnia ser\u00f3w, sklep i hotel. Na szcz\u0119\u015bcie miejsce nie straci\u0142o przy tym swojego wdzi\u0119ku.<br \/>\nWidok t\u0142umu aut na parkingu nieco nas przestraszy\u0142. Po mazurskich do\u015bwiadczeniach pomy\u015bleli\u015bmy, \u017ce pewnie nie uda nam si\u0119 szybko czego\u015b zje\u015b\u0107. Okaza\u0142o si\u0119 jednak, \u017ce cho\u0107 ludzi du\u017co, to personelu tak\u017ce. Stoliki sprz\u0105tane na bie\u017c\u0105co, jedzenie gotowane i podawane szybko oraz sprawnie. Mi\u0142a kelnerka udzieli\u0142a nam r\u00f3\u017cnych informacji o ca\u0142ym przedsi\u0119wzi\u0119ciu (m\u00f3wi\u0105c w pierwszej osobie liczby mnogiej), zach\u0119ci\u0142a do zwiedzenia gospodarstwa. Jedzenie by\u0142o smaczne. Podp\u0142omyki takie jak przed laty.<br \/>\nZabrali\u015bmy do domu wspomnienia z tego miejsca w postaci ser\u00f3w kozich, w\u0119dzonych ryb i podp\u0142omyka dla c\u00f3rki. I delektujemy si\u0119 nimi, zagryzaj\u0105c to wszystko pomidorami z w\u0142asnej grz\u0105dki. Palce liza\u0107.<\/p>\n","protected":false},"excerpt":{"rendered":"<p>W drodze powrotnej z Mazur wst\u0105pili\u015bmy do zajazdu Tusinek. To by\u0142o ulubione miejsce moich dzieci, kiedy by\u0142y ma\u0142e. Zw\u0142aszcza c\u00f3rka, kt\u00f3ra by\u0142a i jest niejadkiem, akurat w Tusinku znajdowa\u0142a od zawsze dania dla siebie. Najch\u0119tniej podp\u0142omyki. Kiedy\u015b by\u0142 tylko zajazd, teraz jest hodowla k\u00f3z, wytw\u00f3rnia ser\u00f3w, sklep i hotel. Na szcz\u0119\u015bcie miejsce nie straci\u0142o przy [&hellip;]<\/p>\n","protected":false},"author":38,"featured_media":0,"comment_status":"open","ping_status":"closed","sticky":false,"template":"","format":"standard","meta":{"footnotes":""},"categories":[1],"tags":[],"_links":{"self":[{"href":"https:\/\/blog.polityka.pl\/adamczewski\/wp-json\/wp\/v2\/posts\/16948"}],"collection":[{"href":"https:\/\/blog.polityka.pl\/adamczewski\/wp-json\/wp\/v2\/posts"}],"about":[{"href":"https:\/\/blog.polityka.pl\/adamczewski\/wp-json\/wp\/v2\/types\/post"}],"author":[{"embeddable":true,"href":"https:\/\/blog.polityka.pl\/adamczewski\/wp-json\/wp\/v2\/users\/38"}],"replies":[{"embeddable":true,"href":"https:\/\/blog.polityka.pl\/adamczewski\/wp-json\/wp\/v2\/comments?post=16948"}],"version-history":[{"count":1,"href":"https:\/\/blog.polityka.pl\/adamczewski\/wp-json\/wp\/v2\/posts\/16948\/revisions"}],"predecessor-version":[{"id":16949,"href":"https:\/\/blog.polityka.pl\/adamczewski\/wp-json\/wp\/v2\/posts\/16948\/revisions\/16949"}],"wp:attachment":[{"href":"https:\/\/blog.polityka.pl\/adamczewski\/wp-json\/wp\/v2\/media?parent=16948"}],"wp:term":[{"taxonomy":"category","embeddable":true,"href":"https:\/\/blog.polityka.pl\/adamczewski\/wp-json\/wp\/v2\/categories?post=16948"},{"taxonomy":"post_tag","embeddable":true,"href":"https:\/\/blog.polityka.pl\/adamczewski\/wp-json\/wp\/v2\/tags?post=16948"}],"curies":[{"name":"wp","href":"https:\/\/api.w.org\/{rel}","templated":true}]}}