
{"id":16956,"date":"2018-09-18T12:21:51","date_gmt":"2018-09-18T10:21:51","guid":{"rendered":"http:\/\/adamczewski.blog.polityka.pl\/?p=16956"},"modified":"2018-09-18T12:21:51","modified_gmt":"2018-09-18T10:21:51","slug":"halo-mamy-problem","status":"publish","type":"post","link":"https:\/\/blog.polityka.pl\/adamczewski\/2018\/09\/18\/halo-mamy-problem\/","title":{"rendered":"Halo, mamy problem!"},"content":{"rendered":"<p>Prosz\u0119 Pa\u0144stwa, kupi\u0142am s\u0142onin\u0119. I jeszcze p\u00f3\u0142 kilograma drobiowej w\u0105tr\u00f3bki oraz dwie wieprzowe n\u00f3\u017cki. Czy ju\u017c zainteresowa\u0142am Czytelnik\u00f3w? Te wstrz\u0105saj\u0105ce wiadomo\u015bci s\u0142u\u017c\u0105 do tego, aby zan\u0119ci\u0107 Was do przeczytania naprawd\u0119 nie o tym, jakie smakowito\u015bci chcia\u0142am wyczarowa\u0107 z tych produkt\u00f3w. Same produkty, ka\u017cdy kosztuj\u0105cy oko\u0142o 4 z\u0142otych, kupi\u0142am w du\u017cym markecie, gdzie te \u201ewytworno\u015bci\u201d, u\u0142o\u017cone na sporych plastikowych tackach, zamkni\u0119te termokurczliw\u0105 foli\u0105 z wielk\u0105 etykiet\u0105 prezentowa\u0142y si\u0119 \u015bwietnie, apetycznie. W domu, kiedy usun\u0119\u0142am opakowania okaza\u0142o si\u0119, \u017ce zajmuj\u0105 one niemal ca\u0142y kosz na \u015bmieci. Por\u00f3wna\u0142am ilo\u015b\u0107 i cen\u0119 produkt\u00f3w z ilo\u015bci\u0105 plastiku, kt\u00f3ra im towarzyszy\u0142a i nijak mi si\u0119 nie zgadza. Nie dostrzegam jakiego\u015b rozwi\u0105zania, ale wydaje mi si\u0119, \u017ce takie pakowanie niespecjalnie drogich i cennych produkt\u00f3w wymaga jeszcze przemy\u015ble\u0144.<br \/>\nNa przyk\u0142ad pakowanie sypkich herbat w chroni\u0105ce je torebki z mocnej folii aluminiowej, pokrytej warstw\u0105 plastiku to wystarczaj\u0105ce zabezpieczenie przed zewn\u0119trznymi czynnikami. Sp\u00f3jrzcie jednak, \u017ce ka\u017cda herbata, niezale\u017cnie od jako\u015bci, ma jeszcze tekturowe pude\u0142ko, kt\u00f3re natychmiast wyrzucamy, bo raczej nie trzyma si\u0119 w nim herbaty, lecz przesypuje do szczelnej puszki lub s\u0142oika.<br \/>\nSp\u00f3jrzcie te\u017c na tanie kremy kosmetyczne czy pasty do z\u0119b\u00f3w za kilka z\u0142otych \u2013tekturowe kolorowe pude\u0142eczko ma \u201eupgradowa\u0107\u201d produkt, kt\u00f3ry przez to nie stanie si\u0119 na pewno lepszy. My\u015bl\u0119, \u017ce logiczna oszcz\u0119dno\u015b\u0107 opakowa\u0144 jest jeszcze w ca\u0142o\u015bci przed nami. Uwa\u017cam, \u017ce je\u015bli kupuj\u0119 w drogerii albo w sklepie spo\u017cywczym kilka produkt\u00f3w, torebka mi si\u0119 nale\u017cy. Z drugiej strony wiem, \u017ce zazwyczaj \u201edarmowa\u201d torba nie zostanie po raz drugi u\u017cyta, lecz raczej wyrzucona.<br \/>\nNo, b\u0105d\u017a tu m\u0105dra i pisz wiersze! Skoro coraz mniej u\u017cywamy jednorazowych naczy\u0144 do podawania posi\u0142k\u00f3w, to dlaczego produkty spo\u017cywcze sprzedawane w sklepach uk\u0142ada si\u0119 na styropianowych tackach?<br \/>\nNa pewno wraz ze zmianami w naszym \u017cyciu \u0142adne eksponowanie w sklepach,nawet niezbyt urodziwego towaru sta\u0142o si\u0119 wymogiem, bez kt\u00f3rego handel ju\u017c si\u0119 nie mo\u017ce obywa\u0107, ale &#8211; znaj porporcj\u0105 Mociumpanie!<\/p>\n","protected":false},"excerpt":{"rendered":"<p>Prosz\u0119 Pa\u0144stwa, kupi\u0142am s\u0142onin\u0119. I jeszcze p\u00f3\u0142 kilograma drobiowej w\u0105tr\u00f3bki oraz dwie wieprzowe n\u00f3\u017cki. Czy ju\u017c zainteresowa\u0142am Czytelnik\u00f3w? Te wstrz\u0105saj\u0105ce wiadomo\u015bci s\u0142u\u017c\u0105 do tego, aby zan\u0119ci\u0107 Was do przeczytania naprawd\u0119 nie o tym, jakie smakowito\u015bci chcia\u0142am wyczarowa\u0107 z tych produkt\u00f3w. Same produkty, ka\u017cdy kosztuj\u0105cy oko\u0142o 4 z\u0142otych, kupi\u0142am w du\u017cym markecie, gdzie te \u201ewytworno\u015bci\u201d, u\u0142o\u017cone [&hellip;]<\/p>\n","protected":false},"author":37,"featured_media":0,"comment_status":"open","ping_status":"closed","sticky":false,"template":"","format":"standard","meta":{"footnotes":""},"categories":[1],"tags":[],"_links":{"self":[{"href":"https:\/\/blog.polityka.pl\/adamczewski\/wp-json\/wp\/v2\/posts\/16956"}],"collection":[{"href":"https:\/\/blog.polityka.pl\/adamczewski\/wp-json\/wp\/v2\/posts"}],"about":[{"href":"https:\/\/blog.polityka.pl\/adamczewski\/wp-json\/wp\/v2\/types\/post"}],"author":[{"embeddable":true,"href":"https:\/\/blog.polityka.pl\/adamczewski\/wp-json\/wp\/v2\/users\/37"}],"replies":[{"embeddable":true,"href":"https:\/\/blog.polityka.pl\/adamczewski\/wp-json\/wp\/v2\/comments?post=16956"}],"version-history":[{"count":1,"href":"https:\/\/blog.polityka.pl\/adamczewski\/wp-json\/wp\/v2\/posts\/16956\/revisions"}],"predecessor-version":[{"id":16957,"href":"https:\/\/blog.polityka.pl\/adamczewski\/wp-json\/wp\/v2\/posts\/16956\/revisions\/16957"}],"wp:attachment":[{"href":"https:\/\/blog.polityka.pl\/adamczewski\/wp-json\/wp\/v2\/media?parent=16956"}],"wp:term":[{"taxonomy":"category","embeddable":true,"href":"https:\/\/blog.polityka.pl\/adamczewski\/wp-json\/wp\/v2\/categories?post=16956"},{"taxonomy":"post_tag","embeddable":true,"href":"https:\/\/blog.polityka.pl\/adamczewski\/wp-json\/wp\/v2\/tags?post=16956"}],"curies":[{"name":"wp","href":"https:\/\/api.w.org\/{rel}","templated":true}]}}