
{"id":16971,"date":"2018-10-26T19:30:14","date_gmt":"2018-10-26T17:30:14","guid":{"rendered":"http:\/\/adamczewski.blog.polityka.pl\/?p=16971"},"modified":"2018-10-26T19:30:14","modified_gmt":"2018-10-26T17:30:14","slug":"kolezanka-lodowka","status":"publish","type":"post","link":"https:\/\/blog.polityka.pl\/adamczewski\/2018\/10\/26\/kolezanka-lodowka\/","title":{"rendered":"Kole\u017canka lod\u00f3wka"},"content":{"rendered":"<p>Blog 18pa\u017adziernika 18<br \/>\nKole\u017canka lod\u00f3wka<\/p>\n<p>Ju\u017c dawno temu przyzna\u0142am si\u0119 do tego, \u017ce uwielbiam gad\u017cety. \u0141atwo zaspokoi\u0107 swoje amatorstwo, je\u015bli idzie o drobne przedmiot, ale to, co ostatnio zrobi\u0142o na mnie ostatnio wra\u017cenie, nie mo\u017ce by\u0107 kupione ot tak, przy okazji. To naprawd\u0119 du\u017cy zakup. Mog\u0119 go tylko obserwowa\u0107 z podziwem.<br \/>\nChodzi mi o piekarnik z dwoma poziomami pieczenia, w kt\u00f3rym mo\u017cemy piec jednocze\u015bnie piecze\u0144 i ciasto. Pomys\u0142 by\u0142 do\u015b\u0107 prosty, pewnie wykonanie nie tak bardzo, ale takie piekarniki mo\u017cna ju\u017c kupi\u0107. Drzwiczki na tyle dok\u0142adnie oddzielaj\u0105 obie po\u0142owy piekarnika, \u017ce zapachy si\u0119 nie mieszaj\u0105. Brzmi zrozumiale i sprawdza si\u0119 w u\u017cyciu.<br \/>\nDrugim gad\u017cetem, kt\u00f3ry przenosi kuchni\u0119 w przysz\u0142o\u015b\u0107 jest m\u0105dra lod\u00f3wka. Pokazuje ona, \u017ce brakuje kt\u00f3rego\u015b niezb\u0119dnego produktu i ma tyle pomagaj\u0105cych gospodarzom funkcji, \u017ce w\u0142a\u015bciwie staje si\u0119 partnerem w prowadzeniu gospodarstwa. Mo\u017cna do niej zadzwoni\u0107 z miasta i na ekranie smartfona obejrze\u0107 czego w niej brak, mo\u017cna te\u017c ogl\u0105da\u0107 telewizj\u0119, mieszaj\u0105c w garnkach (amatorzy mecz\u00f3w b\u0119d\u0105 wniebowzi\u0119ci). Lod\u00f3wka mo\u017ce r\u00f3wnie\u017c \u0142\u0105czy\u0107 si\u0119 ze sklepami i zamawia\u0107 niezb\u0119dne produkty. Nie warto nawet wspomina\u0107 o takim drobiazgu, jak notowanie wa\u017cnych tre\u015bci, czy dobrze zaprojektowane ch\u0142odzenie. Czy zatem dziwi nazwa \u201eSamsung Family Hub\u201d? To istotnie centrum domowego dowodzenia. I tylko mo\u017ce cena nie jest zach\u0119caj\u0105ca, ale jak ka\u017cda nowo\u015b\u0107 i ta kiedy\u015b stanieje. Coraz wi\u0119cej b\u0119dziemy mieli podobnie fachowych, mechanicznych partner\u00f3w w gospodarowaniu tak\u017ce w\u015br\u00f3d innych sprz\u0119t\u00f3w<br \/>\nCzy mo\u017cna si\u0119 dziwi\u0107, \u017ce tak niezwyk\u0142e sprz\u0119ty wygra\u0142y, przynajmniej w moim przypadku, z wykwintn\u0105 kuchni\u0105 w wykonaniu s\u0142awnego francuskiego kucharza, prezentowan\u0105 na tym samym spotkaniu. Zadaniem Michela Troisgros by\u0142o pokazanie procesu tworzenia a potem smaku wykwintnych da\u0144 francuskiej kuchni. Nie b\u0119d\u0119 opisywa\u0107 pracoch\u0142onnych da\u0144, cho\u0107 by\u0142y pyszne (ka\u017cdy uczestnik spotkania dostawa\u0142 odrobink\u0119 tych specja\u0142\u00f3w). Mnie najbardziej smakowa\u0142y i postanowi\u0142am wypr\u00f3bowa\u0107 to nieskomplikowane danko we w\u0142asnej kuchni, \u201epoduszeczki\u201d z francuskiego ciasta upieczone na z\u0142ocisto, po czym nadziane przy pomocy szprycy ostro przyprawionym kremowym serkiem. To \u015bwietny pomys\u0142 na mini-przek\u0105ski. I tylko, aby nie drgn\u0119\u0142a nam przy nadziewaniu r\u0119ka, bo kruchutkie ciasto si\u0119 pokruszy. To je dobre, to je v\u00fdborn\u011b, jak m\u00f3wi\u0105 s\u0105siedzi.<\/p>\n","protected":false},"excerpt":{"rendered":"<p>Blog 18pa\u017adziernika 18 Kole\u017canka lod\u00f3wka Ju\u017c dawno temu przyzna\u0142am si\u0119 do tego, \u017ce uwielbiam gad\u017cety. \u0141atwo zaspokoi\u0107 swoje amatorstwo, je\u015bli idzie o drobne przedmiot, ale to, co ostatnio zrobi\u0142o na mnie ostatnio wra\u017cenie, nie mo\u017ce by\u0107 kupione ot tak, przy okazji. To naprawd\u0119 du\u017cy zakup. Mog\u0119 go tylko obserwowa\u0107 z podziwem. Chodzi mi o piekarnik [&hellip;]<\/p>\n","protected":false},"author":37,"featured_media":0,"comment_status":"open","ping_status":"closed","sticky":false,"template":"","format":"standard","meta":{"footnotes":""},"categories":[1],"tags":[],"_links":{"self":[{"href":"https:\/\/blog.polityka.pl\/adamczewski\/wp-json\/wp\/v2\/posts\/16971"}],"collection":[{"href":"https:\/\/blog.polityka.pl\/adamczewski\/wp-json\/wp\/v2\/posts"}],"about":[{"href":"https:\/\/blog.polityka.pl\/adamczewski\/wp-json\/wp\/v2\/types\/post"}],"author":[{"embeddable":true,"href":"https:\/\/blog.polityka.pl\/adamczewski\/wp-json\/wp\/v2\/users\/37"}],"replies":[{"embeddable":true,"href":"https:\/\/blog.polityka.pl\/adamczewski\/wp-json\/wp\/v2\/comments?post=16971"}],"version-history":[{"count":1,"href":"https:\/\/blog.polityka.pl\/adamczewski\/wp-json\/wp\/v2\/posts\/16971\/revisions"}],"predecessor-version":[{"id":16972,"href":"https:\/\/blog.polityka.pl\/adamczewski\/wp-json\/wp\/v2\/posts\/16971\/revisions\/16972"}],"wp:attachment":[{"href":"https:\/\/blog.polityka.pl\/adamczewski\/wp-json\/wp\/v2\/media?parent=16971"}],"wp:term":[{"taxonomy":"category","embeddable":true,"href":"https:\/\/blog.polityka.pl\/adamczewski\/wp-json\/wp\/v2\/categories?post=16971"},{"taxonomy":"post_tag","embeddable":true,"href":"https:\/\/blog.polityka.pl\/adamczewski\/wp-json\/wp\/v2\/tags?post=16971"}],"curies":[{"name":"wp","href":"https:\/\/api.w.org\/{rel}","templated":true}]}}