
{"id":16982,"date":"2018-11-29T16:26:17","date_gmt":"2018-11-29T15:26:17","guid":{"rendered":"http:\/\/adamczewski.blog.polityka.pl\/?p=16982"},"modified":"2018-11-29T16:26:17","modified_gmt":"2018-11-29T15:26:17","slug":"musze-odszczekac","status":"publish","type":"post","link":"https:\/\/blog.polityka.pl\/adamczewski\/2018\/11\/29\/musze-odszczekac\/","title":{"rendered":"Musz\u0119 odszczeka\u0107"},"content":{"rendered":"<p>Narzeka\u0142y\u015bmy ju\u017c kilka razy na rozmaite diety i na to jak utrudniaj\u0105 \u017cycie, na przyk\u0142ad, gdy zamierzamy zaprosi\u0107 go\u015bci. A tymczasem to w\u0142a\u015bnie diecie zawdzi\u0119czam jedno z milszych do\u015bwiadcze\u0144 kulinarnych ostatniego czasu.<br \/>\nBy\u0142am na lunchu u kole\u017canki, kt\u00f3ra nie jada wielu r\u00f3\u017cnych rzeczy. Trzeba przyzna\u0107, \u017ce podj\u0119cie jej posi\u0142kiem kilka tygodni temu wymaga\u0142o ode mnie sporo gimnastyki, a efekt by\u0142 \u015bredni. Ale za to rewizyta dostarczy\u0142a bardzo mi\u0142ych wra\u017ce\u0144. Najbardziej zachwyci\u0142 mnie d\u017cem marchewkowy, kt\u00f3rym nadziane by\u0142y ma\u0142e kruche babeczki. Najpierw zwr\u00f3ci\u0142 moj\u0105 uwag\u0119 pi\u0119knym kolorem, a potem r\u00f3wnie\u017c smakiem.<br \/>\nZasmakowa\u0142 mi do tego stopnia, \u017ce marchewki perkocz\u0105 sobie w\u0142a\u015bnie w garnuszku i czekaj\u0105, a\u017c nadam im zupe\u0142nie now\u0105 posta\u0107. Ciesz\u0119 si\u0119, bo wszystkie moje ulubione d\u017cemy s\u0105 bardzo sezonowe, i jak si\u0119 ich zrobi za ma\u0142o, to zapasy pewnego niemi\u0142ego zimowego dnia po prostu si\u0119 sko\u0144cz\u0105. A do sezonu na wi\u015bnie czy morele trzeba jeszcze d\u0142ugo czeka\u0107. Tymczasem d\u017cem marchewkowy mo\u017cna zrobi\u0107 w dowolnej chwili z surowca, kt\u00f3ry jest \u0142atwo dost\u0119pny i tani.<br \/>\nOto przepis na 1 s\u0142oiczek d\u017cemu marchewkowego<br \/>\nUgotowa\u0107 w niewielkiej ilo\u015bci wody 3 du\u017ce marchewki. Kiedy b\u0119d\u0105 mi\u0119kkie odla\u0107 wod\u0119, a marchewki zmiksowa\u0107. Doda\u0107 sok z 1 cytryny, 3 \u0142y\u017ceczki cukru i troch\u0119 cukru waniliowego. Najlepiej dodawa\u0107 cukier i sok z cytryny stopniowo, pr\u00f3buj\u0105c. Ja u\u017cy\u0142am soku z prawie ca\u0142ej cytryny, ale co kto lubi.<\/p>\n","protected":false},"excerpt":{"rendered":"<p>Narzeka\u0142y\u015bmy ju\u017c kilka razy na rozmaite diety i na to jak utrudniaj\u0105 \u017cycie, na przyk\u0142ad, gdy zamierzamy zaprosi\u0107 go\u015bci. A tymczasem to w\u0142a\u015bnie diecie zawdzi\u0119czam jedno z milszych do\u015bwiadcze\u0144 kulinarnych ostatniego czasu. By\u0142am na lunchu u kole\u017canki, kt\u00f3ra nie jada wielu r\u00f3\u017cnych rzeczy. Trzeba przyzna\u0107, \u017ce podj\u0119cie jej posi\u0142kiem kilka tygodni temu wymaga\u0142o ode mnie [&hellip;]<\/p>\n","protected":false},"author":38,"featured_media":0,"comment_status":"open","ping_status":"closed","sticky":false,"template":"","format":"standard","meta":{"footnotes":""},"categories":[1],"tags":[],"_links":{"self":[{"href":"https:\/\/blog.polityka.pl\/adamczewski\/wp-json\/wp\/v2\/posts\/16982"}],"collection":[{"href":"https:\/\/blog.polityka.pl\/adamczewski\/wp-json\/wp\/v2\/posts"}],"about":[{"href":"https:\/\/blog.polityka.pl\/adamczewski\/wp-json\/wp\/v2\/types\/post"}],"author":[{"embeddable":true,"href":"https:\/\/blog.polityka.pl\/adamczewski\/wp-json\/wp\/v2\/users\/38"}],"replies":[{"embeddable":true,"href":"https:\/\/blog.polityka.pl\/adamczewski\/wp-json\/wp\/v2\/comments?post=16982"}],"version-history":[{"count":1,"href":"https:\/\/blog.polityka.pl\/adamczewski\/wp-json\/wp\/v2\/posts\/16982\/revisions"}],"predecessor-version":[{"id":16983,"href":"https:\/\/blog.polityka.pl\/adamczewski\/wp-json\/wp\/v2\/posts\/16982\/revisions\/16983"}],"wp:attachment":[{"href":"https:\/\/blog.polityka.pl\/adamczewski\/wp-json\/wp\/v2\/media?parent=16982"}],"wp:term":[{"taxonomy":"category","embeddable":true,"href":"https:\/\/blog.polityka.pl\/adamczewski\/wp-json\/wp\/v2\/categories?post=16982"},{"taxonomy":"post_tag","embeddable":true,"href":"https:\/\/blog.polityka.pl\/adamczewski\/wp-json\/wp\/v2\/tags?post=16982"}],"curies":[{"name":"wp","href":"https:\/\/api.w.org\/{rel}","templated":true}]}}