
{"id":16995,"date":"2018-12-31T16:45:27","date_gmt":"2018-12-31T15:45:27","guid":{"rendered":"http:\/\/adamczewski.blog.polityka.pl\/?p=16995"},"modified":"2018-12-31T16:45:27","modified_gmt":"2018-12-31T15:45:27","slug":"wszystkiego-najlepszego","status":"publish","type":"post","link":"https:\/\/blog.polityka.pl\/adamczewski\/2018\/12\/31\/wszystkiego-najlepszego\/","title":{"rendered":"Wszystkiego najlepszego!"},"content":{"rendered":"<p>Ju\u017c za kilka godzin sko\u0144czy si\u0119 jeden, a zacznie kolejny rok. \u017byczymy, \u017ceby by\u0142 szcz\u0119\u015bliwy. A na razie, bo cele lepiej mie\u0107 kr\u00f3tkoterminowe, \u017ceby si\u0119 dobrze zacz\u0105\u0142. Niezale\u017cnie od tego, czy ten pocz\u0105tek to b\u0119dzie wielki bal, kameralna kolacja w gronie przyjaci\u00f3\u0142, maraton plansz\u00f3wek (znam takich), czy te\u017c ogl\u0105danie film\u00f3w, \u017ceby dotrwa\u0107 do p\u00f3\u0142nocy (to znam z autopsji, bo po ca\u0142ym dniu na nartach p\u00f3\u0142noc wypada naprawd\u0119 o wiele p\u00f3\u017aniej ni\u017c zwykle). Niech te\u017c b\u0119dzie smacznie, cho\u0107 nie nazbyt obficie. Najlepiej oryginalne smaki w nie za du\u017cych ilo\u015bciach.<br \/>\nPozdrawiamy serdecznie \u2013 jedna znad fawork\u00f3w, druga znad ravioli<br \/>\nBarbara i Agata<\/p>\n","protected":false},"excerpt":{"rendered":"<p>Ju\u017c za kilka godzin sko\u0144czy si\u0119 jeden, a zacznie kolejny rok. \u017byczymy, \u017ceby by\u0142 szcz\u0119\u015bliwy. A na razie, bo cele lepiej mie\u0107 kr\u00f3tkoterminowe, \u017ceby si\u0119 dobrze zacz\u0105\u0142. Niezale\u017cnie od tego, czy ten pocz\u0105tek to b\u0119dzie wielki bal, kameralna kolacja w gronie przyjaci\u00f3\u0142, maraton plansz\u00f3wek (znam takich), czy te\u017c ogl\u0105danie film\u00f3w, \u017ceby dotrwa\u0107 do p\u00f3\u0142nocy (to [&hellip;]<\/p>\n","protected":false},"author":39,"featured_media":0,"comment_status":"open","ping_status":"closed","sticky":false,"template":"","format":"standard","meta":{"footnotes":""},"categories":[1],"tags":[],"_links":{"self":[{"href":"https:\/\/blog.polityka.pl\/adamczewski\/wp-json\/wp\/v2\/posts\/16995"}],"collection":[{"href":"https:\/\/blog.polityka.pl\/adamczewski\/wp-json\/wp\/v2\/posts"}],"about":[{"href":"https:\/\/blog.polityka.pl\/adamczewski\/wp-json\/wp\/v2\/types\/post"}],"author":[{"embeddable":true,"href":"https:\/\/blog.polityka.pl\/adamczewski\/wp-json\/wp\/v2\/users\/39"}],"replies":[{"embeddable":true,"href":"https:\/\/blog.polityka.pl\/adamczewski\/wp-json\/wp\/v2\/comments?post=16995"}],"version-history":[{"count":1,"href":"https:\/\/blog.polityka.pl\/adamczewski\/wp-json\/wp\/v2\/posts\/16995\/revisions"}],"predecessor-version":[{"id":16996,"href":"https:\/\/blog.polityka.pl\/adamczewski\/wp-json\/wp\/v2\/posts\/16995\/revisions\/16996"}],"wp:attachment":[{"href":"https:\/\/blog.polityka.pl\/adamczewski\/wp-json\/wp\/v2\/media?parent=16995"}],"wp:term":[{"taxonomy":"category","embeddable":true,"href":"https:\/\/blog.polityka.pl\/adamczewski\/wp-json\/wp\/v2\/categories?post=16995"},{"taxonomy":"post_tag","embeddable":true,"href":"https:\/\/blog.polityka.pl\/adamczewski\/wp-json\/wp\/v2\/tags?post=16995"}],"curies":[{"name":"wp","href":"https:\/\/api.w.org\/{rel}","templated":true}]}}