
{"id":17000,"date":"2019-01-12T17:43:50","date_gmt":"2019-01-12T16:43:50","guid":{"rendered":"http:\/\/adamczewski.blog.polityka.pl\/?p=17000"},"modified":"2019-01-12T17:44:26","modified_gmt":"2019-01-12T16:44:26","slug":"17000","status":"publish","type":"post","link":"https:\/\/blog.polityka.pl\/adamczewski\/2019\/01\/12\/17000\/","title":{"rendered":"Po\u017cegnanie"},"content":{"rendered":"<p>Jak \u017cy\u0142oby si\u0119 bez znajomych, przyjaci\u00f3\u0142&#8230; Jak my, blogowicze, \u017cyliby\u015bmy bez naszej spo\u0142eczno\u015bci, kt\u00f3ra od lat wypisuje swoje refleksje, k\u0142\u00f3ci si\u0119 i dyskutuje, a cho\u0107by tylko zawiadamia wszystkich o wa\u017cnych sprawach, dzieli si\u0119  nabyt\u0105 wiedz\u0105. Jeste\u015bmy dla siebie mili, \u017cyczliwi. Wszyscy. To wielka warto\u015b\u0107 tego blogu, kt\u00f3r\u0105 zawdzi\u0119czamy my wszyscy sobie nawzajem. Dlatego tak \u017cal\u2026 \u017begnaj Esko!<\/p>\n","protected":false},"excerpt":{"rendered":"<p>Jak \u017cy\u0142oby si\u0119 bez znajomych, przyjaci\u00f3\u0142&#8230; Jak my, blogowicze, \u017cyliby\u015bmy bez naszej spo\u0142eczno\u015bci, kt\u00f3ra od lat wypisuje swoje refleksje, k\u0142\u00f3ci si\u0119 i dyskutuje, a cho\u0107by tylko zawiadamia wszystkich o wa\u017cnych sprawach, dzieli si\u0119 nabyt\u0105 wiedz\u0105. Jeste\u015bmy dla siebie mili, \u017cyczliwi. Wszyscy. To wielka warto\u015b\u0107 tego blogu, kt\u00f3r\u0105 zawdzi\u0119czamy my wszyscy sobie nawzajem. Dlatego tak \u017cal\u2026 [&hellip;]<\/p>\n","protected":false},"author":39,"featured_media":0,"comment_status":"open","ping_status":"closed","sticky":false,"template":"","format":"standard","meta":{"footnotes":""},"categories":[1],"tags":[],"_links":{"self":[{"href":"https:\/\/blog.polityka.pl\/adamczewski\/wp-json\/wp\/v2\/posts\/17000"}],"collection":[{"href":"https:\/\/blog.polityka.pl\/adamczewski\/wp-json\/wp\/v2\/posts"}],"about":[{"href":"https:\/\/blog.polityka.pl\/adamczewski\/wp-json\/wp\/v2\/types\/post"}],"author":[{"embeddable":true,"href":"https:\/\/blog.polityka.pl\/adamczewski\/wp-json\/wp\/v2\/users\/39"}],"replies":[{"embeddable":true,"href":"https:\/\/blog.polityka.pl\/adamczewski\/wp-json\/wp\/v2\/comments?post=17000"}],"version-history":[{"count":2,"href":"https:\/\/blog.polityka.pl\/adamczewski\/wp-json\/wp\/v2\/posts\/17000\/revisions"}],"predecessor-version":[{"id":17002,"href":"https:\/\/blog.polityka.pl\/adamczewski\/wp-json\/wp\/v2\/posts\/17000\/revisions\/17002"}],"wp:attachment":[{"href":"https:\/\/blog.polityka.pl\/adamczewski\/wp-json\/wp\/v2\/media?parent=17000"}],"wp:term":[{"taxonomy":"category","embeddable":true,"href":"https:\/\/blog.polityka.pl\/adamczewski\/wp-json\/wp\/v2\/categories?post=17000"},{"taxonomy":"post_tag","embeddable":true,"href":"https:\/\/blog.polityka.pl\/adamczewski\/wp-json\/wp\/v2\/tags?post=17000"}],"curies":[{"name":"wp","href":"https:\/\/api.w.org\/{rel}","templated":true}]}}