
{"id":17005,"date":"2019-01-24T17:41:01","date_gmt":"2019-01-24T16:41:01","guid":{"rendered":"http:\/\/adamczewski.blog.polityka.pl\/?p=17005"},"modified":"2019-01-24T17:41:01","modified_gmt":"2019-01-24T16:41:01","slug":"pamiatki-z-podrozy","status":"publish","type":"post","link":"https:\/\/blog.polityka.pl\/adamczewski\/2019\/01\/24\/pamiatki-z-podrozy\/","title":{"rendered":"Pami\u0105tki z podr\u00f3\u017cy"},"content":{"rendered":"<p>Zawsze z podr\u00f3\u017cy przywozi si\u0119 pami\u0105tki: jedni tylko w sercu i umy\u015ble, inni lubi\u0105 podeprze\u0107 je bardziej materialnymi. Wazoniki, obrazy, figurki, popielniczki i inne cude\u0144ka, po jakim\u015b czasie trac\u0105 sw\u00f3j wdzi\u0119k i stanowi\u0105 tylko domowe rupiecie, z ulg\u0105 przy okazji porz\u0105dk\u00f3w wyrzucane. Od dawna wiadomo, \u017ce i tak obecnie najcz\u0119\u015bciej pami\u0105tki produkowane s\u0105 w Chinach niezale\u017cnie od tego, gdzie b\u0119d\u0105 sprzedawane.<br \/>\nPrawdziwi smakosze b\u0119d\u0105c na obczy\u017anie, ch\u0119tnie zagl\u0105daj\u0105 do sklep\u00f3w spo\u017cywczych, tu w\u0142a\u015bnie szukaj\u0105c zagranicznych podark\u00f3w i oryginalnych ( i smakowitych) pami\u0105tek z podr\u00f3\u017cy.<br \/>\nAle od d\u0142u\u017cszego ju\u017c czasu i tu czeka nas sroga niespodzianka. W sklepach p\u00f3\u0142ki uginaj\u0105 si\u0119 od typowych produkt\u00f3w, jakie bez k\u0142opotu dostaniemy i u nas. Oryginalne jedzenie mo\u017cna znale\u017a\u0107 tylko w specjalistycznych (drogich!) sklepikach.<br \/>\nW\u0142a\u015bnie wr\u00f3ci\u0142am z podr\u00f3\u017cy do cieplejszego kraju i wierzcie mi, napracowa\u0142am si\u0119 tam, na miejscu, aby kupi\u0107 co\u015b oryginalnego. Przedmioty ci\u0119\u017ckie nie chodzi\u0142y w gr\u0119: baga\u017c musia\u0142 by\u0107 lekki. Lekki za\u015b portfel nakazywa\u0142 dodatkowo rozs\u0105dne wybory. No i masz babo placek! Niemal wszystko, co mo\u017cna by\u0142o dosta\u0107 w miejscowo\u015bci, w kt\u00f3rej by\u0142am, jest do kupienia w naszych sklepach. Turron &#8211; prosz\u0119 bardzo, w ramach dni hiszpa\u0144skich mo\u017cna dosta\u0107 ten przysmak w r\u00f3\u017cnych marketach. Szynka hiszpa\u0144ska &#8211; codzienny go\u015b\u0107 na sklepowych p\u00f3\u0142kach. Za winami hiszpa\u0144skimi te\u017c nie t\u0119sknimy, bo jest ich wielki wyb\u00f3r. Sery &#8211; jak wy\u017cej. Mo\u017ce warto by\u0142oby przywie\u017a\u0107 doskona\u0142e, a nawet przepyszne gazpacho opakowane jak sok \u2013 ale czy to by\u0142by godny prezent?<br \/>\nKupi\u0142am w ko\u0144cu niewielkie pude\u0142eczka, szczelnie zamkni\u0119te, a zawieraj\u0105ce doskona\u0142e guacamole. Mia\u0142y wszelkie zalety \u201ddrobiazgu\u201d i pasta zosta\u0142a szybko zjedzona. Nie by\u0142y to wprawdzie prezenty, lecz zaledwie prezenciki, ale przynajmniej nie le\u017c\u0105 w k\u0105cie przeszkadzaj\u0105c przy wycieraniu kurzu.<br \/>\nA jaki z tego wniosek? Ot\u00f3\u017c taki, \u017ce globalizacja przeszkadza w turystycznym \u017cyciu, a ju\u017c co najmniej troch\u0119 je zmienia.<\/p>\n","protected":false},"excerpt":{"rendered":"<p>Zawsze z podr\u00f3\u017cy przywozi si\u0119 pami\u0105tki: jedni tylko w sercu i umy\u015ble, inni lubi\u0105 podeprze\u0107 je bardziej materialnymi. Wazoniki, obrazy, figurki, popielniczki i inne cude\u0144ka, po jakim\u015b czasie trac\u0105 sw\u00f3j wdzi\u0119k i stanowi\u0105 tylko domowe rupiecie, z ulg\u0105 przy okazji porz\u0105dk\u00f3w wyrzucane. Od dawna wiadomo, \u017ce i tak obecnie najcz\u0119\u015bciej pami\u0105tki produkowane s\u0105 w Chinach [&hellip;]<\/p>\n","protected":false},"author":37,"featured_media":0,"comment_status":"open","ping_status":"closed","sticky":false,"template":"","format":"standard","meta":{"footnotes":""},"categories":[1],"tags":[],"_links":{"self":[{"href":"https:\/\/blog.polityka.pl\/adamczewski\/wp-json\/wp\/v2\/posts\/17005"}],"collection":[{"href":"https:\/\/blog.polityka.pl\/adamczewski\/wp-json\/wp\/v2\/posts"}],"about":[{"href":"https:\/\/blog.polityka.pl\/adamczewski\/wp-json\/wp\/v2\/types\/post"}],"author":[{"embeddable":true,"href":"https:\/\/blog.polityka.pl\/adamczewski\/wp-json\/wp\/v2\/users\/37"}],"replies":[{"embeddable":true,"href":"https:\/\/blog.polityka.pl\/adamczewski\/wp-json\/wp\/v2\/comments?post=17005"}],"version-history":[{"count":1,"href":"https:\/\/blog.polityka.pl\/adamczewski\/wp-json\/wp\/v2\/posts\/17005\/revisions"}],"predecessor-version":[{"id":17006,"href":"https:\/\/blog.polityka.pl\/adamczewski\/wp-json\/wp\/v2\/posts\/17005\/revisions\/17006"}],"wp:attachment":[{"href":"https:\/\/blog.polityka.pl\/adamczewski\/wp-json\/wp\/v2\/media?parent=17005"}],"wp:term":[{"taxonomy":"category","embeddable":true,"href":"https:\/\/blog.polityka.pl\/adamczewski\/wp-json\/wp\/v2\/categories?post=17005"},{"taxonomy":"post_tag","embeddable":true,"href":"https:\/\/blog.polityka.pl\/adamczewski\/wp-json\/wp\/v2\/tags?post=17005"}],"curies":[{"name":"wp","href":"https:\/\/api.w.org\/{rel}","templated":true}]}}