
{"id":17010,"date":"2019-02-04T09:28:21","date_gmt":"2019-02-04T08:28:21","guid":{"rendered":"http:\/\/adamczewski.blog.polityka.pl\/?p=17010"},"modified":"2019-02-04T09:25:59","modified_gmt":"2019-02-04T08:25:59","slug":"snieg","status":"publish","type":"post","link":"https:\/\/blog.polityka.pl\/adamczewski\/2019\/02\/04\/snieg\/","title":{"rendered":"\u015anieg"},"content":{"rendered":"<p>Moja fascynacja restauracj\u0105 Antica Osteria w ma\u0142ym miasteczku Ossana w Val di Sole trwa ju\u017c kilka lat. Zacz\u0119\u0142o si\u0119 od tego, \u017ce pojechali\u015bmy z m\u0119\u017cem obejrze\u0107 zamek i wystaw\u0119 szopek. Snuli\u015bmy si\u0119 wieczorem po uroczym miasteczku i w pewnej chwili zobaczyli\u015bmy okienka, za kt\u00f3rymi w pi\u0119knym wn\u0119trzu siedzieli ludzie i smakowicie co\u015b jedli. Na zewn\u0105trz ciemno i zimno, a tam mi\u0142o, jasno\u2026 Niestety byli\u015bmy ju\u017c po kolacji, ale obiecali\u015bmy sobie, \u017ce tu jeszcze wr\u00f3cimy.<br \/>\nNo i wracamy co roku, bo w zimie oboje tu pracujemy (jedno na \u015bniegu, drugie przy komputerze). W tym roku w okresie mi\u0119dzy \u015bwi\u0119tami a Nowym Rokiem nie da\u0142o si\u0119 zarezerwowa\u0107 stolika. Teraz jednak W\u0142och\u00f3w na nartach prawie nie ma, a przewa\u017caj\u0105cy tu Polacy nie maj\u0105 tego zaci\u0119cia, \u017ceby jecha\u0107 kilkana\u015bcie kilometr\u00f3w na kolacj\u0119. Wi\u0119c si\u0119 uda\u0142o.<br \/>\nDzi\u0119ki znajomym dokonali\u015bmy tak\u017ce kolejnego kulinarnego odkrycia i to zaledwie 2 km od domu. Trzeba jednak przyzna\u0107, \u017ce restauracja Maso Burba jest po\u0142o\u017cona ca\u0142kowicie na uboczu, co t\u0142umaczy, dlaczego dot\u0105d nie wiedzieli\u015bmy o jej istnieniu. Po \u015bwi\u0119tach by\u0142o tam pe\u0142no, teraz zaj\u0119te jedynie 4 stoliki.<\/p>\n<p><a href=\"\/wp-content\/uploads\/2019\/02\/IMG_20190131_194817.jpg\"><img loading=\"lazy\" decoding=\"async\" src=\"\/wp-content\/uploads\/2019\/02\/IMG_20190131_194817-768x1024.jpg\" alt=\"\" width=\"620\" height=\"827\" class=\"alignnone size-large wp-image-17015\" srcset=\"\/adamczewski\/wp-content\/uploads\/2019\/02\/IMG_20190131_194817-768x1024.jpg 768w, \/adamczewski\/wp-content\/uploads\/2019\/02\/IMG_20190131_194817-225x300.jpg 225w\" sizes=\"(max-width: 620px) 100vw, 620px\" \/><\/a><br \/>\n<em>Przystawka &#8211; karczochy z amarantusem na puree z topinamburu &#8211; w Maso Burba<\/em><\/p>\n<p>Poniewa\u017c w ostatnim tygodniu sporo napada\u0142o, mogli\u015bmy  uda\u0107 si\u0119 do tej restauracji na bieg\u00f3wkach. Kiedy po kolacji wk\u0142ada si\u0119 narty i tym \u015brodkiem lokomocji udaje si\u0119 z powrotem do domu, zmniejsza to znacznie wyrzuty sumienia, nawet je\u015bli posi\u0142ek by\u0142 obfity. Wczoraj dodatkow\u0105 przyjemno\u015b\u0107 sprawi\u0142 nam widok trzech jeleni, kt\u00f3re najwyra\u017aniej wraca\u0142y znad rzeki w g\u00f3ry. Spotkali\u015bmy je tu\u017c pod stacj\u0105 gondoli, gdzie w ci\u0105gu dnia ruch i gwar, ale wieczorem nie mia\u0142y si\u0119 ju\u017c czego ba\u0107.<br \/>\nObie restauracje maj\u0105 bardzo kr\u00f3tkie karty, w kt\u00f3rych nie znajdziemy pizzy. W\u0142a\u015bciwie \u017ale m\u00f3wi\u0119, bo w Ossanie nie ma karty. W\u0142a\u015bciciel, Mariano, podaje dania z pami\u0119ci, wymieniaj\u0105c wszystkie sk\u0142adniki i trzeba si\u0119 szybko orientowa\u0107. W Maso Burbo karta jest i podczas 3 wizyt spr\u00f3bowali\u015bmy ju\u017c prawie wszystkiego, ale pani kelnerka zapewni\u0142a, \u017ce za 2 tygodnie zmieniaj\u0105 menu.<br \/>\nTrzecia lubiana przez nas restauracja, Vecchia Canonica w Male nie wytrzymuje niestety konkurencji. Jest du\u017ca. Podaj\u0105 tam pizz\u0119. A daniom, cho\u0107 pyszne, brak tej finezji. A co do dw\u00f3ch pierwszych to dyskutujemy z m\u0119\u017cem, kt\u00f3ra lepsza. Wydaje si\u0119, \u017ce konieczne s\u0105 dalsze badania terenowe.<br \/>\nA wracaj\u0105c do \u015bniegu, to utrudni\u0142 on wi\u0119kszo\u015bci wracaj\u0105cych po feriach i jad\u0105cych na ferie na narty do W\u0142och przejazd przez prze\u0142\u0119cz Brenner. Ja zrozumia\u0142am za\u015b frustracj\u0119 pana, kt\u00f3rego wspomnienia z chatki w Karkonoszach robi\u0142y swego czasu furor\u0119 w Internecie. Bardzo si\u0119 cieszy\u0142am, gdy \u015bnieg zacz\u0105\u0142 pada\u0107 nie tylko na szczytach, ale r\u00f3wnie\u017c w dolinie. Zrobi\u0142o si\u0119 pi\u0119knie i bia\u0142o. Ale gdy pada\u0142 ju\u017c trzeci dzie\u0144 i ka\u017cde wyj\u015bcie z domu oznacza\u0142o wpadni\u0119cie w zasp\u0119 powy\u017cej kolan, wyjazd samochodem wymaga\u0142 kilku godzin walki, a w godzin\u0119 po od\u015bnie\u017ceniu przej\u015bcia od domu do drogi zn\u00f3w nie by\u0142o wida\u0107, zacz\u0105\u0142 budzi\u0107 moj\u0105 w\u015bciek\u0142o\u015b\u0107. Na pociech\u0119 my\u015bla\u0142am sobie, \u017ce przecie\u017c (o ile lawina nie zablokuje prze\u0142\u0119czy) mo\u017cna wr\u00f3ci\u0107 do Warszawy. Cho\u0107 okazuje si\u0119, \u017ce i tu sypie&#8230; Byle si\u0119 tylko w por\u0119 opami\u0119ta\u0142o!<br \/>\n<a href=\"\/wp-content\/uploads\/2019\/02\/IMG_20190201_201947.jpg\"><img loading=\"lazy\" decoding=\"async\" src=\"\/wp-content\/uploads\/2019\/02\/IMG_20190201_201947-768x1024.jpg\" alt=\"\" width=\"620\" height=\"827\" class=\"alignnone size-large wp-image-17018\" srcset=\"\/adamczewski\/wp-content\/uploads\/2019\/02\/IMG_20190201_201947-768x1024.jpg 768w, \/adamczewski\/wp-content\/uploads\/2019\/02\/IMG_20190201_201947-225x300.jpg 225w\" sizes=\"(max-width: 620px) 100vw, 620px\" \/><\/a><br \/>\n<em>\u015anieg za oknem, kiedy jeszcze cieszy\u0142<\/em><\/p>\n","protected":false},"excerpt":{"rendered":"<p>Moja fascynacja restauracj\u0105 Antica Osteria w ma\u0142ym miasteczku Ossana w Val di Sole trwa ju\u017c kilka lat. Zacz\u0119\u0142o si\u0119 od tego, \u017ce pojechali\u015bmy z m\u0119\u017cem obejrze\u0107 zamek i wystaw\u0119 szopek. Snuli\u015bmy si\u0119 wieczorem po uroczym miasteczku i w pewnej chwili zobaczyli\u015bmy okienka, za kt\u00f3rymi w pi\u0119knym wn\u0119trzu siedzieli ludzie i smakowicie co\u015b jedli. Na zewn\u0105trz [&hellip;]<\/p>\n","protected":false},"author":38,"featured_media":0,"comment_status":"open","ping_status":"closed","sticky":false,"template":"","format":"standard","meta":{"footnotes":""},"categories":[1],"tags":[],"_links":{"self":[{"href":"https:\/\/blog.polityka.pl\/adamczewski\/wp-json\/wp\/v2\/posts\/17010"}],"collection":[{"href":"https:\/\/blog.polityka.pl\/adamczewski\/wp-json\/wp\/v2\/posts"}],"about":[{"href":"https:\/\/blog.polityka.pl\/adamczewski\/wp-json\/wp\/v2\/types\/post"}],"author":[{"embeddable":true,"href":"https:\/\/blog.polityka.pl\/adamczewski\/wp-json\/wp\/v2\/users\/38"}],"replies":[{"embeddable":true,"href":"https:\/\/blog.polityka.pl\/adamczewski\/wp-json\/wp\/v2\/comments?post=17010"}],"version-history":[{"count":11,"href":"https:\/\/blog.polityka.pl\/adamczewski\/wp-json\/wp\/v2\/posts\/17010\/revisions"}],"predecessor-version":[{"id":17034,"href":"https:\/\/blog.polityka.pl\/adamczewski\/wp-json\/wp\/v2\/posts\/17010\/revisions\/17034"}],"wp:attachment":[{"href":"https:\/\/blog.polityka.pl\/adamczewski\/wp-json\/wp\/v2\/media?parent=17010"}],"wp:term":[{"taxonomy":"category","embeddable":true,"href":"https:\/\/blog.polityka.pl\/adamczewski\/wp-json\/wp\/v2\/categories?post=17010"},{"taxonomy":"post_tag","embeddable":true,"href":"https:\/\/blog.polityka.pl\/adamczewski\/wp-json\/wp\/v2\/tags?post=17010"}],"curies":[{"name":"wp","href":"https:\/\/api.w.org\/{rel}","templated":true}]}}