
{"id":17048,"date":"2019-04-25T12:25:13","date_gmt":"2019-04-25T10:25:13","guid":{"rendered":"http:\/\/adamczewski.blog.polityka.pl\/?p=17048"},"modified":"2019-04-25T12:25:13","modified_gmt":"2019-04-25T10:25:13","slug":"swieta-w-sloncu","status":"publish","type":"post","link":"https:\/\/blog.polityka.pl\/adamczewski\/2019\/04\/25\/swieta-w-sloncu\/","title":{"rendered":"\u015awi\u0119ta w s\u0142o\u0144cu"},"content":{"rendered":"<p>Od do\u015b\u0107 dawna mamy pi\u0119kn\u0105 pogod\u0119, zw\u0142aszcza je\u015bli patrzymy przez okno, bo ch\u0142odne wiaterki daj\u0105 nam si\u0119 we znaki. Czy dziwicie si\u0119, \u017ce mnie poci\u0105gn\u0119\u0142o nad morze, do Gda\u0144ska-Oliwy wabi\u0105cego s\u0142o\u0144cem i b\u0142\u0119kitnym niebem. No i okaza\u0142o si\u0119, \u017ce kompletnie niepotrzebnie wyje\u017cd\u017ca si\u0119 nad w\u0142oskie morze: wspania\u0142a pla\u017ca, urocze, dobrze utrzymane bulwary nad morzem ci\u0105gn\u0105ce si\u0119 przez Gda\u0144sk, co najmniej do Sopotu. Letnia pogoda te\u017c od kilku sezon\u00f3w nie zawodzi. A na bulwarach dziesi\u0105tki knajp i knajpeczek w r\u00f3\u017cnym stylu, cenie i smaku. Ale raczej dobre. Niekt\u00f3re za\u015b, jak \u201eNa przystani\u201d doskona\u0142e i oblegane w porze lunchu i kolacji jak w czasach s\u0142usznie minionych. I nie bez powodu. W og\u00f3le wydaje mi si\u0119, \u017ce te wybrze\u017cowe restauracje nie maj\u0105 \u017cadnego zad\u0119cia i w tym podobne s\u0105 do w\u0142oskich, a jedzenie w nich nie jest uderzaj\u0105co drogie. Takie sobie, \u015brednie ceny, akceptowalne, zwa\u017cywszy jako\u015b\u0107, miejsce i po\u0142o\u017cenie geograficzne. Wprawdzie psy nie maj\u0105 wst\u0119pu do restauracji, a by\u0142am z psi\u0105 kole\u017cank\u0105, ale nie mam pretensji: na s\u0142onecznym \u201ezewn\u0119trzu\u201d knajpek by\u0142o nam doskonale, a dla Kulki mo\u017ce nawet bardziej interesuj\u0105co.<br \/>\n\u015awi\u0105teczne zakupy obserwowane w marketach w tym roku wyda\u0142y mi si\u0119 jeszcze bardziej obfite ni\u017c w poprzednich latach, nic wi\u0119c dziwnego, \u017ce pokazywane w TV lod\u00f3wki w jad\u0142odzielniach p\u0119kaj\u0105 w szwach. Tu\u017c po \u015bwi\u0119tach w pomieszczeniu \u015bmietnikowym warszawskiej kamienicy dostrzeg\u0142am wory(!) suchego chleba. A co jeszcze trafi\u0142o do pojemnik\u00f3w, wol\u0119 nie my\u015ble\u0107. Mam niezbyt skrz\u0119tnych i oszcz\u0119dnych s\u0105siad\u00f3w\u2026.<br \/>\n\u015awi\u0105teczne dni sp\u0119dzone w naszym wiejskim domu pozwoli\u0142y cieszy\u0107 si\u0119 zar\u00f3wno tym, co wyrasta z zesz\u0142orocznych korzeni (szczypiorek, czosnek, sza\u0142wia, specyficzne sa\u0142atkowe listki, rozmaryn) jak nowo sadzonymi. W tym roku zn\u00f3w b\u0119dziemy mieli wiele warzyw wyrastaj\u0105cych na nieska\u017conych chemi\u0105 grz\u0105dkach. Zn\u00f3w b\u0119dziemy niezbyt energicznie przeganiali ptaki i wiewi\u00f3rki z truskawkowego poletka lub z krzew\u00f3w bor\u00f3wki ameryka\u0144skiej. Wydaj\u0105 one szczodrze owoce, ale zjadaj\u0105 je ze smakiem raczej nieproszeni go\u015bcie ni\u017c my. Miejmy nadziej\u0119, \u017ce deszcze b\u0119d\u0105 pada\u0142y w \u015brodku tygodnia (wiadomo, nie w weekend) i to na tyle obfite, \u017ce nie trzeba b\u0119dzie wiele podlewa\u0107.<br \/>\nW ka\u017cdym razie mi\u0142o, \u017ce wiosna!<\/p>\n","protected":false},"excerpt":{"rendered":"<p>Od do\u015b\u0107 dawna mamy pi\u0119kn\u0105 pogod\u0119, zw\u0142aszcza je\u015bli patrzymy przez okno, bo ch\u0142odne wiaterki daj\u0105 nam si\u0119 we znaki. Czy dziwicie si\u0119, \u017ce mnie poci\u0105gn\u0119\u0142o nad morze, do Gda\u0144ska-Oliwy wabi\u0105cego s\u0142o\u0144cem i b\u0142\u0119kitnym niebem. No i okaza\u0142o si\u0119, \u017ce kompletnie niepotrzebnie wyje\u017cd\u017ca si\u0119 nad w\u0142oskie morze: wspania\u0142a pla\u017ca, urocze, dobrze utrzymane bulwary nad morzem ci\u0105gn\u0105ce [&hellip;]<\/p>\n","protected":false},"author":37,"featured_media":0,"comment_status":"open","ping_status":"closed","sticky":false,"template":"","format":"standard","meta":{"footnotes":""},"categories":[1],"tags":[],"_links":{"self":[{"href":"https:\/\/blog.polityka.pl\/adamczewski\/wp-json\/wp\/v2\/posts\/17048"}],"collection":[{"href":"https:\/\/blog.polityka.pl\/adamczewski\/wp-json\/wp\/v2\/posts"}],"about":[{"href":"https:\/\/blog.polityka.pl\/adamczewski\/wp-json\/wp\/v2\/types\/post"}],"author":[{"embeddable":true,"href":"https:\/\/blog.polityka.pl\/adamczewski\/wp-json\/wp\/v2\/users\/37"}],"replies":[{"embeddable":true,"href":"https:\/\/blog.polityka.pl\/adamczewski\/wp-json\/wp\/v2\/comments?post=17048"}],"version-history":[{"count":1,"href":"https:\/\/blog.polityka.pl\/adamczewski\/wp-json\/wp\/v2\/posts\/17048\/revisions"}],"predecessor-version":[{"id":17049,"href":"https:\/\/blog.polityka.pl\/adamczewski\/wp-json\/wp\/v2\/posts\/17048\/revisions\/17049"}],"wp:attachment":[{"href":"https:\/\/blog.polityka.pl\/adamczewski\/wp-json\/wp\/v2\/media?parent=17048"}],"wp:term":[{"taxonomy":"category","embeddable":true,"href":"https:\/\/blog.polityka.pl\/adamczewski\/wp-json\/wp\/v2\/categories?post=17048"},{"taxonomy":"post_tag","embeddable":true,"href":"https:\/\/blog.polityka.pl\/adamczewski\/wp-json\/wp\/v2\/tags?post=17048"}],"curies":[{"name":"wp","href":"https:\/\/api.w.org\/{rel}","templated":true}]}}